{"id":941,"date":"2017-03-13T13:44:02","date_gmt":"2017-03-13T13:44:02","guid":{"rendered":"http:\/\/www.colegiovillanonguen.cl\/?p=941"},"modified":"2017-03-13T13:45:34","modified_gmt":"2017-03-13T13:45:34","slug":"calendario-de-evaluaciones-marzo","status":"publish","type":"post","link":"https:\/\/www.colegiovillanonguen.cl\/index.php\/2017\/03\/13\/calendario-de-evaluaciones-marzo\/","title":{"rendered":"Calendario de evaluaciones: marzo"},"content":{"rendered":"<p><img loading=\"lazy\" decoding=\"async\" class=\"  wp-image-142 alignleft\" src=\"https:\/\/www.colegiovillanonguen.cl\/wp-content\/uploads\/2015\/06\/favicon.png\" alt=\"favicon\" width=\"51\" height=\"51\" \/>Estimada Comunidad, junto con saludarla, ponemos a su disposici\u00f3n los calendarios de evaluaciones del mes de marzo por curso. Para acceder a ello debe pinchar el curso respectivo:<\/p>\n<p><a href=\"https:\/\/drive.google.com\/open?id=0ByVa4lktMzCtZTVQZXdHZE4zU2c\" target=\"_blank\">Primer a\u00f1o B\u00e1sico<\/a><br \/>\n<a href=\"https:\/\/drive.google.com\/open?id=0ByVa4lktMzCtdktfTTkwY3c5Q2s\" target=\"_blank\">Segundo a\u00f1o B\u00e1sico<\/a><br \/>\n<a href=\"https:\/\/drive.google.com\/open?id=0ByVa4lktMzCtazVqRDJnTjFnNXM\" target=\"_blank\">Tercer a\u00f1o B\u00e1sico<\/a><br \/>\n<a href=\"https:\/\/drive.google.com\/open?id=0ByVa4lktMzCtYktyVEpRZTFtanM\" target=\"_blank\">Cuarto a\u00f1o B\u00e1sico<\/a><br \/>\n<a href=\"https:\/\/drive.google.com\/open?id=0ByVa4lktMzCtRWx2OWc4aGZzQjQ\" target=\"_blank\">Quinto a\u00f1o B\u00e1sico<\/a><br \/>\n<a href=\"https:\/\/drive.google.com\/open?id=0ByVa4lktMzCtdTdhVlpZYl9xZVE\" target=\"_blank\">Sexto a\u00f1o B\u00e1sico<\/a><br \/>\n<a href=\"https:\/\/drive.google.com\/open?id=0ByVa4lktMzCtVjFnd1U3N09aWEU\" target=\"_blank\">S\u00e9ptimo a\u00f1o B\u00e1sico<\/a><br \/>\n<a href=\"https:\/\/drive.google.com\/open?id=0ByVa4lktMzCtaURBQlRHMEZUUGM\" target=\"_blank\">Octavo a\u00f1o B\u00e1sico<\/a><\/p>\n","protected":false},"excerpt":{"rendered":"<p>Estimada Comunidad, junto con saludarla, ponemos a su disposici\u00f3n los calendarios de evaluaciones del mes de marzo por curso. Para acceder a ello debe pinchar el curso respectivo: Primer a\u00f1o B\u00e1sico Segundo a\u00f1o B\u00e1sico Tercer a\u00f1o B\u00e1sico Cuarto a\u00f1o B\u00e1sico Quinto a\u00f1o B\u00e1sico Sexto a\u00f1o B\u00e1sico S\u00e9ptimo a\u00f1o B\u00e1sico Octavo a\u00f1o B\u00e1sico<\/p>\n","protected":false},"author":1,"featured_media":0,"comment_status":"closed","ping_status":"open","sticky":false,"template":"","format":"standard","meta":{"footnotes":""},"categories":[1],"tags":[],"class_list":["post-941","post","type-post","status-publish","format-standard","hentry","category-info"],"_links":{"self":[{"href":"https:\/\/www.colegiovillanonguen.cl\/index.php\/wp-json\/wp\/v2\/posts\/941","targetHints":{"allow":["GET"]}}],"collection":[{"href":"https:\/\/www.colegiovillanonguen.cl\/index.php\/wp-json\/wp\/v2\/posts"}],"about":[{"href":"https:\/\/www.colegiovillanonguen.cl\/index.php\/wp-json\/wp\/v2\/types\/post"}],"author":[{"embeddable":true,"href":"https:\/\/www.colegiovillanonguen.cl\/index.php\/wp-json\/wp\/v2\/users\/1"}],"replies":[{"embeddable":true,"href":"https:\/\/www.colegiovillanonguen.cl\/index.php\/wp-json\/wp\/v2\/comments?post=941"}],"version-history":[{"count":3,"href":"https:\/\/www.colegiovillanonguen.cl\/index.php\/wp-json\/wp\/v2\/posts\/941\/revisions"}],"predecessor-version":[{"id":944,"href":"https:\/\/www.colegiovillanonguen.cl\/index.php\/wp-json\/wp\/v2\/posts\/941\/revisions\/944"}],"wp:attachment":[{"href":"https:\/\/www.colegiovillanonguen.cl\/index.php\/wp-json\/wp\/v2\/media?parent=941"}],"wp:term":[{"taxonomy":"category","embeddable":true,"href":"https:\/\/www.colegiovillanonguen.cl\/index.php\/wp-json\/wp\/v2\/categories?post=941"},{"taxonomy":"post_tag","embeddable":true,"href":"https:\/\/www.colegiovillanonguen.cl\/index.php\/wp-json\/wp\/v2\/tags?post=941"}],"curies":[{"name":"wp","href":"https:\/\/api.w.org\/{rel}","templated":true}]}}