{"id":933,"date":"2017-03-10T13:42:36","date_gmt":"2017-03-10T13:42:36","guid":{"rendered":"http:\/\/www.colegiovillanonguen.cl\/?p=933"},"modified":"2017-03-10T16:47:03","modified_gmt":"2017-03-10T16:47:03","slug":"acto-de-inicio-ano-escolar-2017","status":"publish","type":"post","link":"https:\/\/www.colegiovillanonguen.cl\/index.php\/2017\/03\/10\/acto-de-inicio-ano-escolar-2017\/","title":{"rendered":"Acto de Inicio A\u00f1o Escolar 2017"},"content":{"rendered":"<p><a href=\"https:\/\/www.colegiovillanonguen.cl\/wp-content\/uploads\/2015\/06\/favicon.png\"><img loading=\"lazy\" decoding=\"async\" class=\"  wp-image-142 alignleft\" src=\"https:\/\/www.colegiovillanonguen.cl\/wp-content\/uploads\/2015\/06\/favicon.png\" alt=\"favicon\" width=\"43\" height=\"43\" \/><\/a>Con la alegr\u00eda del reencuentro, la Direcci\u00f3n del Colegio junto a todo el personal que labora en la instituci\u00f3n dieron la bienvenida a los estudiantes y sus familias en el inicio del A\u00f1o Escolar 2017.<\/p>\n<p>Se desarroll\u00f3 un acto que cont\u00f3 con la presencia de la se\u00f1ora Gloria Mu\u00f1oz R. y de la Sra. Elena D\u00edaz I., Vicepresidenta y Secretaria de la Fundaci\u00f3n Familia Cruz Magnani que, haciendo un recuerdo de nuestra fundadora, dieron un afectuoso saludo de la Fundaci\u00f3n a toda la Comunidad presente.<\/p>\n<p>Adem\u00e1s, nuestro Director present\u00f3 los lineamientos de nuestro Colegio y al personal de\u00a0nuestra instituci\u00f3n.<\/p>\n<p>&nbsp;<\/p>\n","protected":false},"excerpt":{"rendered":"<p>Con la alegr\u00eda del reencuentro, la Direcci\u00f3n del Colegio junto a todo el personal que labora en la instituci\u00f3n dieron la bienvenida a los estudiantes y sus familias en el inicio del A\u00f1o Escolar 2017. Se desarroll\u00f3 un acto que cont\u00f3 con la presencia de la se\u00f1ora Gloria Mu\u00f1oz R. y de la Sra. Elena [&hellip;]<\/p>\n","protected":false},"author":1,"featured_media":0,"comment_status":"closed","ping_status":"open","sticky":false,"template":"","format":"standard","meta":{"footnotes":""},"categories":[1],"tags":[],"class_list":["post-933","post","type-post","status-publish","format-standard","hentry","category-info"],"_links":{"self":[{"href":"https:\/\/www.colegiovillanonguen.cl\/index.php\/wp-json\/wp\/v2\/posts\/933","targetHints":{"allow":["GET"]}}],"collection":[{"href":"https:\/\/www.colegiovillanonguen.cl\/index.php\/wp-json\/wp\/v2\/posts"}],"about":[{"href":"https:\/\/www.colegiovillanonguen.cl\/index.php\/wp-json\/wp\/v2\/types\/post"}],"author":[{"embeddable":true,"href":"https:\/\/www.colegiovillanonguen.cl\/index.php\/wp-json\/wp\/v2\/users\/1"}],"replies":[{"embeddable":true,"href":"https:\/\/www.colegiovillanonguen.cl\/index.php\/wp-json\/wp\/v2\/comments?post=933"}],"version-history":[{"count":3,"href":"https:\/\/www.colegiovillanonguen.cl\/index.php\/wp-json\/wp\/v2\/posts\/933\/revisions"}],"predecessor-version":[{"id":936,"href":"https:\/\/www.colegiovillanonguen.cl\/index.php\/wp-json\/wp\/v2\/posts\/933\/revisions\/936"}],"wp:attachment":[{"href":"https:\/\/www.colegiovillanonguen.cl\/index.php\/wp-json\/wp\/v2\/media?parent=933"}],"wp:term":[{"taxonomy":"category","embeddable":true,"href":"https:\/\/www.colegiovillanonguen.cl\/index.php\/wp-json\/wp\/v2\/categories?post=933"},{"taxonomy":"post_tag","embeddable":true,"href":"https:\/\/www.colegiovillanonguen.cl\/index.php\/wp-json\/wp\/v2\/tags?post=933"}],"curies":[{"name":"wp","href":"https:\/\/api.w.org\/{rel}","templated":true}]}}