{"id":879,"date":"2016-12-01T02:38:09","date_gmt":"2016-12-01T02:38:09","guid":{"rendered":"http:\/\/www.colegiovillanonguen.cl\/?p=879"},"modified":"2016-12-01T02:38:23","modified_gmt":"2016-12-01T02:38:23","slug":"circular-n11-calendarizacion-fin-ano-escolar-2016","status":"publish","type":"post","link":"https:\/\/www.colegiovillanonguen.cl\/index.php\/2016\/12\/01\/circular-n11-calendarizacion-fin-ano-escolar-2016\/","title":{"rendered":"Circular n\u00b011 Calendarizaci\u00f3n fin a\u00f1o escolar 2016."},"content":{"rendered":"<p><a href=\"https:\/\/www.colegiovillanonguen.cl\/wp-content\/uploads\/2015\/06\/favicon.png\"><img loading=\"lazy\" decoding=\"async\" class=\"  wp-image-142 alignleft\" src=\"https:\/\/www.colegiovillanonguen.cl\/wp-content\/uploads\/2015\/06\/favicon.png\" alt=\"favicon\" width=\"44\" height=\"44\" \/><\/a>Estimada comunidad, junto con saludarla les dejamos a su disposici\u00f3n la circular n\u00b0 11 con la calendarizaci\u00f3n de actividades de fin del a\u00f1o escolar 2016 .<\/p>\n<p>Pueden descargar la comunicaci\u00f3n pinchando la siguiente palabra: <a href=\"https:\/\/drive.google.com\/open?id=0ByVa4lktMzCtR0YxUTFZcGUtODA\" target=\"_blank\">Circular n\u00b0 11<\/a><\/p>\n","protected":false},"excerpt":{"rendered":"<p>Estimada comunidad, junto con saludarla les dejamos a su disposici\u00f3n la circular n\u00b0 11 con la calendarizaci\u00f3n de actividades de fin del a\u00f1o escolar 2016 . Pueden descargar la comunicaci\u00f3n pinchando la siguiente palabra: Circular n\u00b0 11<\/p>\n","protected":false},"author":1,"featured_media":0,"comment_status":"closed","ping_status":"open","sticky":false,"template":"","format":"standard","meta":{"footnotes":""},"categories":[1],"tags":[],"class_list":["post-879","post","type-post","status-publish","format-standard","hentry","category-info"],"_links":{"self":[{"href":"https:\/\/www.colegiovillanonguen.cl\/index.php\/wp-json\/wp\/v2\/posts\/879","targetHints":{"allow":["GET"]}}],"collection":[{"href":"https:\/\/www.colegiovillanonguen.cl\/index.php\/wp-json\/wp\/v2\/posts"}],"about":[{"href":"https:\/\/www.colegiovillanonguen.cl\/index.php\/wp-json\/wp\/v2\/types\/post"}],"author":[{"embeddable":true,"href":"https:\/\/www.colegiovillanonguen.cl\/index.php\/wp-json\/wp\/v2\/users\/1"}],"replies":[{"embeddable":true,"href":"https:\/\/www.colegiovillanonguen.cl\/index.php\/wp-json\/wp\/v2\/comments?post=879"}],"version-history":[{"count":1,"href":"https:\/\/www.colegiovillanonguen.cl\/index.php\/wp-json\/wp\/v2\/posts\/879\/revisions"}],"predecessor-version":[{"id":880,"href":"https:\/\/www.colegiovillanonguen.cl\/index.php\/wp-json\/wp\/v2\/posts\/879\/revisions\/880"}],"wp:attachment":[{"href":"https:\/\/www.colegiovillanonguen.cl\/index.php\/wp-json\/wp\/v2\/media?parent=879"}],"wp:term":[{"taxonomy":"category","embeddable":true,"href":"https:\/\/www.colegiovillanonguen.cl\/index.php\/wp-json\/wp\/v2\/categories?post=879"},{"taxonomy":"post_tag","embeddable":true,"href":"https:\/\/www.colegiovillanonguen.cl\/index.php\/wp-json\/wp\/v2\/tags?post=879"}],"curies":[{"name":"wp","href":"https:\/\/api.w.org\/{rel}","templated":true}]}}