{"id":867,"date":"2016-11-18T14:38:22","date_gmt":"2016-11-18T14:38:22","guid":{"rendered":"http:\/\/www.colegiovillanonguen.cl\/?p=867"},"modified":"2016-11-20T20:23:24","modified_gmt":"2016-11-20T20:23:24","slug":"saludo-dia-del-apoderado","status":"publish","type":"post","link":"https:\/\/www.colegiovillanonguen.cl\/index.php\/2016\/11\/18\/saludo-dia-del-apoderado\/","title":{"rendered":"Saludo D\u00eda del Apoderado"},"content":{"rendered":"<p style=\"text-align: justify;\"><img loading=\"lazy\" decoding=\"async\" class=\"  wp-image-142 alignleft\" src=\"https:\/\/www.colegiovillanonguen.cl\/wp-content\/uploads\/2015\/06\/favicon.png\" alt=\"favicon\" width=\"40\" height=\"40\" \/>Estimados(as) Apoderados(as), Con motivo de celebrarse hoy, Viernes 18 de Noviembre de 2016, el \u201cD\u00eda del Apoderado\u201d, deseo hacer llegar a Uds. un afectuoso saludo a nombre del personal y de los estudiantes del Colegio Villa Nongu\u00e9n. Para nuestra instituci\u00f3n es muy importante el rol del Apoderado, pues constituye un pilar fundamental sobre el cual construimos y desarrollamos nuestro proyecto educativo, por lo que a trav\u00e9s de este saludo expreso mi reconocimiento y gratitud hacia su encomiable labor y apoyo hacia nuestra instituci\u00f3n. Asimismo, hago propicia esta ocasi\u00f3n para reiterarle el compromiso de seguir trabajando mancomunadamente por nuestra comunidad educativa.<\/p>\n<p style=\"text-align: center;\">Vicente Cabrera Ortiz<\/p>\n<p style=\"text-align: center;\">Mag\u00edster en Administraci\u00f3n Educacional<\/p>\n<p style=\"text-align: center;\">DIRECTOR<\/p>\n<p style=\"text-align: justify;\">Concepci\u00f3n, Noviembre de 2016<\/p>\n<p style=\"text-align: justify;\">Para poder ver la galer\u00eda fotogr\u00e1fica del desayuno del D\u00eda del Apoderado, pincha sobre la siguiente imagen<\/p>\n<p style=\"text-align: justify;\"><a href=\"https:\/\/goo.gl\/photos\/Cr4shMtwFg1bV3259\" target=\"_blank\"><img loading=\"lazy\" decoding=\"async\" class=\"  wp-image-872 aligncenter\" src=\"https:\/\/www.colegiovillanonguen.cl\/wp-content\/uploads\/2016\/11\/20161118_093918-300x257.jpg\" alt=\"20161118_093918\" width=\"99\" height=\"85\" \/><\/a><\/p>\n","protected":false},"excerpt":{"rendered":"<p>Estimados(as) Apoderados(as), Con motivo de celebrarse hoy, Viernes 18 de Noviembre de 2016, el \u201cD\u00eda del Apoderado\u201d, deseo hacer llegar a Uds. un afectuoso saludo a nombre del personal y de los estudiantes del Colegio Villa Nongu\u00e9n. Para nuestra instituci\u00f3n es muy importante el rol del Apoderado, pues constituye un pilar fundamental sobre el cual [&hellip;]<\/p>\n","protected":false},"author":1,"featured_media":0,"comment_status":"closed","ping_status":"open","sticky":false,"template":"","format":"standard","meta":{"footnotes":""},"categories":[1],"tags":[],"class_list":["post-867","post","type-post","status-publish","format-standard","hentry","category-info"],"_links":{"self":[{"href":"https:\/\/www.colegiovillanonguen.cl\/index.php\/wp-json\/wp\/v2\/posts\/867","targetHints":{"allow":["GET"]}}],"collection":[{"href":"https:\/\/www.colegiovillanonguen.cl\/index.php\/wp-json\/wp\/v2\/posts"}],"about":[{"href":"https:\/\/www.colegiovillanonguen.cl\/index.php\/wp-json\/wp\/v2\/types\/post"}],"author":[{"embeddable":true,"href":"https:\/\/www.colegiovillanonguen.cl\/index.php\/wp-json\/wp\/v2\/users\/1"}],"replies":[{"embeddable":true,"href":"https:\/\/www.colegiovillanonguen.cl\/index.php\/wp-json\/wp\/v2\/comments?post=867"}],"version-history":[{"count":5,"href":"https:\/\/www.colegiovillanonguen.cl\/index.php\/wp-json\/wp\/v2\/posts\/867\/revisions"}],"predecessor-version":[{"id":875,"href":"https:\/\/www.colegiovillanonguen.cl\/index.php\/wp-json\/wp\/v2\/posts\/867\/revisions\/875"}],"wp:attachment":[{"href":"https:\/\/www.colegiovillanonguen.cl\/index.php\/wp-json\/wp\/v2\/media?parent=867"}],"wp:term":[{"taxonomy":"category","embeddable":true,"href":"https:\/\/www.colegiovillanonguen.cl\/index.php\/wp-json\/wp\/v2\/categories?post=867"},{"taxonomy":"post_tag","embeddable":true,"href":"https:\/\/www.colegiovillanonguen.cl\/index.php\/wp-json\/wp\/v2\/tags?post=867"}],"curies":[{"name":"wp","href":"https:\/\/api.w.org\/{rel}","templated":true}]}}