{"id":753,"date":"2016-08-19T01:02:11","date_gmt":"2016-08-19T01:02:11","guid":{"rendered":"http:\/\/www.colegiovillanonguen.cl\/?p=753"},"modified":"2016-08-19T01:05:35","modified_gmt":"2016-08-19T01:05:35","slug":"reuniones-de-apoderados","status":"publish","type":"post","link":"https:\/\/www.colegiovillanonguen.cl\/index.php\/2016\/08\/19\/reuniones-de-apoderados\/","title":{"rendered":"Reuniones de Apoderados mes de agosto"},"content":{"rendered":"<p style=\"text-align: justify;\"><a href=\"https:\/\/www.colegiovillanonguen.cl\/wp-content\/uploads\/2015\/06\/favicon.png\"><img loading=\"lazy\" decoding=\"async\" class=\"  wp-image-142 alignleft\" src=\"https:\/\/www.colegiovillanonguen.cl\/wp-content\/uploads\/2015\/06\/favicon.png\" alt=\"favicon\" width=\"48\" height=\"48\" \/><\/a>\u00a0Estimada comunidad, junto con saludarlos, les recordamos que las reuniones de apoderados se realizaran los d\u00edas y en el horario que se se\u00f1alan a continuaci\u00f3n:<\/p>\n<div style=\"text-align: justify;\">\n<div style=\"text-align: left;\">Lunes 22 de agosto: 4\u00b0 y 7\u00b0 b\u00e1sico, 16:00 horas<br \/>\nMartes 23 de agosto: 5\u00b0 y 8\u00b0 b\u00e1sico, 16:00 horas<br \/>\nJueves 25 de agosto: 3\u00b0 y 6\u00b0 b\u00e1sico, 16:00 horas<br \/>\nViernes 26 de agosto: Pre kinder, kinder, 1\u00b0 y 2\u00b0 b\u00e1sico, 14:30 horas<\/div>\n<\/div>\n","protected":false},"excerpt":{"rendered":"<p>\u00a0Estimada comunidad, junto con saludarlos, les recordamos que las reuniones de apoderados se realizaran los d\u00edas y en el horario que se se\u00f1alan a continuaci\u00f3n: Lunes 22 de agosto: 4\u00b0 y 7\u00b0 b\u00e1sico, 16:00 horas Martes 23 de agosto: 5\u00b0 y 8\u00b0 b\u00e1sico, 16:00 horas Jueves 25 de agosto: 3\u00b0 y 6\u00b0 b\u00e1sico, 16:00 horas [&hellip;]<\/p>\n","protected":false},"author":1,"featured_media":0,"comment_status":"closed","ping_status":"open","sticky":false,"template":"","format":"standard","meta":{"footnotes":""},"categories":[1],"tags":[],"class_list":["post-753","post","type-post","status-publish","format-standard","hentry","category-info"],"_links":{"self":[{"href":"https:\/\/www.colegiovillanonguen.cl\/index.php\/wp-json\/wp\/v2\/posts\/753","targetHints":{"allow":["GET"]}}],"collection":[{"href":"https:\/\/www.colegiovillanonguen.cl\/index.php\/wp-json\/wp\/v2\/posts"}],"about":[{"href":"https:\/\/www.colegiovillanonguen.cl\/index.php\/wp-json\/wp\/v2\/types\/post"}],"author":[{"embeddable":true,"href":"https:\/\/www.colegiovillanonguen.cl\/index.php\/wp-json\/wp\/v2\/users\/1"}],"replies":[{"embeddable":true,"href":"https:\/\/www.colegiovillanonguen.cl\/index.php\/wp-json\/wp\/v2\/comments?post=753"}],"version-history":[{"count":8,"href":"https:\/\/www.colegiovillanonguen.cl\/index.php\/wp-json\/wp\/v2\/posts\/753\/revisions"}],"predecessor-version":[{"id":761,"href":"https:\/\/www.colegiovillanonguen.cl\/index.php\/wp-json\/wp\/v2\/posts\/753\/revisions\/761"}],"wp:attachment":[{"href":"https:\/\/www.colegiovillanonguen.cl\/index.php\/wp-json\/wp\/v2\/media?parent=753"}],"wp:term":[{"taxonomy":"category","embeddable":true,"href":"https:\/\/www.colegiovillanonguen.cl\/index.php\/wp-json\/wp\/v2\/categories?post=753"},{"taxonomy":"post_tag","embeddable":true,"href":"https:\/\/www.colegiovillanonguen.cl\/index.php\/wp-json\/wp\/v2\/tags?post=753"}],"curies":[{"name":"wp","href":"https:\/\/api.w.org\/{rel}","templated":true}]}}