{"id":712,"date":"2016-06-09T14:51:57","date_gmt":"2016-06-09T14:51:57","guid":{"rendered":"http:\/\/www.colegiovillanonguen.cl\/?p=712"},"modified":"2016-06-09T14:51:57","modified_gmt":"2016-06-09T14:51:57","slug":"comunidad-de-aprendizaje-constante","status":"publish","type":"post","link":"https:\/\/www.colegiovillanonguen.cl\/index.php\/2016\/06\/09\/comunidad-de-aprendizaje-constante\/","title":{"rendered":"Comunidad de aprendizaje constante"},"content":{"rendered":"<p style=\"text-align: justify;\"><a href=\"https:\/\/www.colegiovillanonguen.cl\/wp-content\/uploads\/2015\/06\/favicon.png\"><img loading=\"lazy\" decoding=\"async\" class=\"  wp-image-142 alignleft\" src=\"https:\/\/www.colegiovillanonguen.cl\/wp-content\/uploads\/2015\/06\/favicon.png\" alt=\"favicon\" width=\"44\" height=\"44\" \/><\/a>Estimada Comunidad, \u00a0en el mes de mayo, el personal del Colegio particip\u00f3 de una serie de actividades de perfeccionamiento profesional para poder entregarle a nuestros estudiantes y sus familias un servicio educacional actualizado a las demandas que el contexto nacional exige.<\/p>\n<p style=\"text-align: justify;\">Las actividades fueron:<\/p>\n<p style=\"text-align: justify;\">&#8211; <strong>Jornada de reflexi\u00f3n del Marco para la Buena Ense\u00f1anza<\/strong>, esta jornada tiene un origen Ministerial y se enmarc\u00f3 en la mejora del documento que se\u00f1ala el camino para desarrollar una Buena Ense\u00f1anza. Esta jornada se desarroll\u00f3 desde las 8:30 h a las 17:00 h del d\u00eda 16 de mayo y fue planificada y desarrollada por la Direcci\u00f3n del Colegio, en especial por nuestra Jefa de la Unidad T\u00e9cnica Pedag\u00f3gica.<\/p>\n<p style=\"text-align: justify;\">Los invitamos a ver el registro fotogr\u00e1fico pinchando la siguiente palabra: <a href=\"https:\/\/goo.gl\/photos\/Nx4ZKLhoBqzVjBPbA\" target=\"_blank\">MBE<\/a><\/p>\n<p style=\"text-align: justify;\">\n<p style=\"text-align: justify;\">&#8211; <strong>Charla de profesionales de la Oficina de Protecci\u00f3n de Derechos de la Municipalidad de Concepci\u00f3n<\/strong>, esta charla desarrollada el 20 de mayo cont\u00f3 con la participaci\u00f3n de\u00a0los\u00a0profesionales Claudia Pereira (Trabajadora Social), Claudio Gonz\u00e1lez (Psic\u00f3logo) y Jaime Novoa (Abogado), quienes\u00a0incentivaron a\u00a0mantenernos\u00a0atentos \u00a0a los\u00a0comportamiento, dichos y actitudes de nuestros estudiantes, y recalcaron la importancia de realizar las denuncias correspondientes ante una sospecha o \u00a0un hecho de vulneraci\u00f3n.<\/p>\n<p style=\"text-align: justify;\">Los invitamos a ver el registro fotogr\u00e1fico pinchando la siguiente palabra: <a href=\"https:\/\/goo.gl\/photos\/4VFrq9CWzEEoGjY46\" target=\"_blank\">OPD<\/a><\/p>\n<p style=\"text-align: justify;\">\n<p style=\"text-align: justify;\">&#8211; \u00a0<strong>Capacitaci\u00f3n DUA, e<\/strong>n el marco de la implementaci\u00f3n del nuevo Decreto 83, el cual por ley empezar\u00e1\u00a0 a regir a partir del 2017 en los cursos iniciales de nuestro establecimiento, \u00a0directivos, docentes y asistentes de la educaci\u00f3n realizaron una jornada de capacitaci\u00f3n en \u201cDise\u00f1o Universal de Aprendizajes\u201d. Esta, estuvo a cargo de la destacada profesora experta en Inclusi\u00f3n, sra. Paulina Godoy Lenz, ex Coordinadora Nacional de Educaci\u00f3n Especial del MINEDUC y ahora asesora al mismo organismo.<\/p>\n<p style=\"text-align: justify;\">En la jornada realizada los d\u00edas 17 y 18 de Mayo el personal del colegio\u00a0conocieron en forma tanto te\u00f3rica como pr\u00e1ctica cu\u00e1les son los alcances de este nuevo Decreto y los aspectos espec\u00edficos del DUA que debemos comenzar a considerar para nuestro trabajo con TODOS\/AS LOS ESTUDIANTES, la ense\u00f1anza con estrategias diversificadas que permitan que todas y cada uno de ellos aprendan de la forma que m\u00e1s les hace sentido en base a su estilo de aprendizaje.<\/p>\n<p style=\"text-align: justify;\">Este es el comienzo de un proceso largo el cual estamos seguros que llegar\u00e1 a su fin con los resultados que queremos: m\u00e1s y mejores aprendizajes para todos nuestros\/as estudiantes.<\/p>\n<p style=\"text-align: justify;\">Los invitamos a ver el registro fotogr\u00e1fico pinchando la siguiente palabra: <a href=\"https:\/\/goo.gl\/photos\/V7vw6cCF6PyoGF8JA\" target=\"_blank\">DUA<\/a><\/p>\n<p>&nbsp;<\/p>\n","protected":false},"excerpt":{"rendered":"<p>Estimada Comunidad, \u00a0en el mes de mayo, el personal del Colegio particip\u00f3 de una serie de actividades de perfeccionamiento profesional para poder entregarle a nuestros estudiantes y sus familias un servicio educacional actualizado a las demandas que el contexto nacional exige. Las actividades fueron: &#8211; Jornada de reflexi\u00f3n del Marco para la Buena Ense\u00f1anza, esta [&hellip;]<\/p>\n","protected":false},"author":1,"featured_media":0,"comment_status":"closed","ping_status":"open","sticky":false,"template":"","format":"standard","meta":{"footnotes":""},"categories":[1],"tags":[],"class_list":["post-712","post","type-post","status-publish","format-standard","hentry","category-info"],"_links":{"self":[{"href":"https:\/\/www.colegiovillanonguen.cl\/index.php\/wp-json\/wp\/v2\/posts\/712","targetHints":{"allow":["GET"]}}],"collection":[{"href":"https:\/\/www.colegiovillanonguen.cl\/index.php\/wp-json\/wp\/v2\/posts"}],"about":[{"href":"https:\/\/www.colegiovillanonguen.cl\/index.php\/wp-json\/wp\/v2\/types\/post"}],"author":[{"embeddable":true,"href":"https:\/\/www.colegiovillanonguen.cl\/index.php\/wp-json\/wp\/v2\/users\/1"}],"replies":[{"embeddable":true,"href":"https:\/\/www.colegiovillanonguen.cl\/index.php\/wp-json\/wp\/v2\/comments?post=712"}],"version-history":[{"count":2,"href":"https:\/\/www.colegiovillanonguen.cl\/index.php\/wp-json\/wp\/v2\/posts\/712\/revisions"}],"predecessor-version":[{"id":714,"href":"https:\/\/www.colegiovillanonguen.cl\/index.php\/wp-json\/wp\/v2\/posts\/712\/revisions\/714"}],"wp:attachment":[{"href":"https:\/\/www.colegiovillanonguen.cl\/index.php\/wp-json\/wp\/v2\/media?parent=712"}],"wp:term":[{"taxonomy":"category","embeddable":true,"href":"https:\/\/www.colegiovillanonguen.cl\/index.php\/wp-json\/wp\/v2\/categories?post=712"},{"taxonomy":"post_tag","embeddable":true,"href":"https:\/\/www.colegiovillanonguen.cl\/index.php\/wp-json\/wp\/v2\/tags?post=712"}],"curies":[{"name":"wp","href":"https:\/\/api.w.org\/{rel}","templated":true}]}}