{"id":637,"date":"2016-04-25T11:14:44","date_gmt":"2016-04-25T11:14:44","guid":{"rendered":"http:\/\/www.colegiovillanonguen.cl\/?p=637"},"modified":"2016-04-25T11:17:06","modified_gmt":"2016-04-25T11:17:06","slug":"dia-de-la-convivencia-escolar-2016","status":"publish","type":"post","link":"https:\/\/www.colegiovillanonguen.cl\/index.php\/2016\/04\/25\/dia-de-la-convivencia-escolar-2016\/","title":{"rendered":"D\u00eda de la Convivencia Escolar 2016"},"content":{"rendered":"<p>El d\u00eda Viernes 22 de Abril se celebr\u00f3 por los estudiantes de nuestro colegio \u00abEl D\u00eda de la Convivencia Escolar\u00bb, donde pudieron disfrutar un show de mimos interpretados por los docentes de nuestro establecimiento con el objetivo de reflexionar sobre la importancia de generar una buena convivencia y ser capaces de incluir en sus vidas personales.<\/p>\n<p>&nbsp;<\/p>\n<p><a href=\"https:\/\/goo.gl\/photos\/4ENrMQ6TfkAvVoqy7\" target=\"_blank\">Fotograf\u00edas D\u00eda Convivencia Escolar<\/a><\/p>\n","protected":false},"excerpt":{"rendered":"<p>El d\u00eda Viernes 22 de Abril se celebr\u00f3 por los estudiantes de nuestro colegio \u00abEl D\u00eda de la Convivencia Escolar\u00bb, donde pudieron disfrutar un show de mimos interpretados por los docentes de nuestro establecimiento con el objetivo de reflexionar sobre la importancia de generar una buena convivencia y ser capaces de incluir en sus vidas [&hellip;]<\/p>\n","protected":false},"author":1,"featured_media":0,"comment_status":"closed","ping_status":"open","sticky":false,"template":"","format":"standard","meta":{"footnotes":""},"categories":[1],"tags":[],"class_list":["post-637","post","type-post","status-publish","format-standard","hentry","category-info"],"_links":{"self":[{"href":"https:\/\/www.colegiovillanonguen.cl\/index.php\/wp-json\/wp\/v2\/posts\/637","targetHints":{"allow":["GET"]}}],"collection":[{"href":"https:\/\/www.colegiovillanonguen.cl\/index.php\/wp-json\/wp\/v2\/posts"}],"about":[{"href":"https:\/\/www.colegiovillanonguen.cl\/index.php\/wp-json\/wp\/v2\/types\/post"}],"author":[{"embeddable":true,"href":"https:\/\/www.colegiovillanonguen.cl\/index.php\/wp-json\/wp\/v2\/users\/1"}],"replies":[{"embeddable":true,"href":"https:\/\/www.colegiovillanonguen.cl\/index.php\/wp-json\/wp\/v2\/comments?post=637"}],"version-history":[{"count":2,"href":"https:\/\/www.colegiovillanonguen.cl\/index.php\/wp-json\/wp\/v2\/posts\/637\/revisions"}],"predecessor-version":[{"id":639,"href":"https:\/\/www.colegiovillanonguen.cl\/index.php\/wp-json\/wp\/v2\/posts\/637\/revisions\/639"}],"wp:attachment":[{"href":"https:\/\/www.colegiovillanonguen.cl\/index.php\/wp-json\/wp\/v2\/media?parent=637"}],"wp:term":[{"taxonomy":"category","embeddable":true,"href":"https:\/\/www.colegiovillanonguen.cl\/index.php\/wp-json\/wp\/v2\/categories?post=637"},{"taxonomy":"post_tag","embeddable":true,"href":"https:\/\/www.colegiovillanonguen.cl\/index.php\/wp-json\/wp\/v2\/tags?post=637"}],"curies":[{"name":"wp","href":"https:\/\/api.w.org\/{rel}","templated":true}]}}