{"id":585,"date":"2015-12-17T11:22:49","date_gmt":"2015-12-17T11:22:49","guid":{"rendered":"http:\/\/www.colegiovillanonguen.cl\/?p=585"},"modified":"2015-12-17T11:22:49","modified_gmt":"2015-12-17T11:22:49","slug":"licenciatura-octavo","status":"publish","type":"post","link":"https:\/\/www.colegiovillanonguen.cl\/index.php\/2015\/12\/17\/licenciatura-octavo\/","title":{"rendered":"Licenciatura Octavo"},"content":{"rendered":"<p style=\"text-align: justify;\"><a href=\"https:\/\/www.colegiovillanonguen.cl\/wp-content\/uploads\/2015\/06\/favicon.png\"><img loading=\"lazy\" decoding=\"async\" class=\"alignleft wp-image-142\" src=\"https:\/\/www.colegiovillanonguen.cl\/wp-content\/uploads\/2015\/06\/favicon.png\" alt=\"favicon\" width=\"58\" height=\"58\" \/><\/a>En una solemne ceremonia, llevada a cabo\u00a0el d\u00eda 11 de diciembre en la Sala Andes, se realiz\u00f3 la entrega de las licencias de nuestros estudiantes que han finalizado su etapa escolar b\u00e1sica. Como Colegio estamos muy contentos pues estos j\u00f3venes han terminado la primera etapa en su proceso educativo y los incentivamos a seguir buscando la consolidaci\u00f3n personal.<\/p>\n<p style=\"text-align: justify;\">Agradecemos a la Fundaci\u00f3n Familia Cruz Magnani, a los Directivos, Profesores, Padres, Apoderados, e invitados que participaron activamente\u00a0de esta Ceremonia.<\/p>\n<p style=\"text-align: justify;\">Felicitaciones a nuestros egresados.<\/p>\n<p style=\"text-align: center;\"><a href=\"https:\/\/goo.gl\/photos\/X43S6DNeApHbL9Zb6\" target=\"_blank\"><img loading=\"lazy\" decoding=\"async\" class=\"alignnone  wp-image-586\" src=\"https:\/\/www.colegiovillanonguen.cl\/wp-content\/uploads\/2015\/12\/DSC07422-300x225.jpg\" alt=\"DSC07422\" width=\"237\" height=\"178\" srcset=\"https:\/\/www.colegiovillanonguen.cl\/wp-content\/uploads\/2015\/12\/DSC07422-300x225.jpg 300w, https:\/\/www.colegiovillanonguen.cl\/wp-content\/uploads\/2015\/12\/DSC07422.jpg 640w\" sizes=\"auto, (max-width: 237px) 100vw, 237px\" \/><\/a><\/p>\n","protected":false},"excerpt":{"rendered":"<p>En una solemne ceremonia, llevada a cabo\u00a0el d\u00eda 11 de diciembre en la Sala Andes, se realiz\u00f3 la entrega de las licencias de nuestros estudiantes que han finalizado su etapa escolar b\u00e1sica. Como Colegio estamos muy contentos pues estos j\u00f3venes han terminado la primera etapa en su proceso educativo y los incentivamos a seguir buscando [&hellip;]<\/p>\n","protected":false},"author":1,"featured_media":0,"comment_status":"closed","ping_status":"open","sticky":false,"template":"","format":"standard","meta":{"footnotes":""},"categories":[1],"tags":[],"class_list":["post-585","post","type-post","status-publish","format-standard","hentry","category-info"],"_links":{"self":[{"href":"https:\/\/www.colegiovillanonguen.cl\/index.php\/wp-json\/wp\/v2\/posts\/585","targetHints":{"allow":["GET"]}}],"collection":[{"href":"https:\/\/www.colegiovillanonguen.cl\/index.php\/wp-json\/wp\/v2\/posts"}],"about":[{"href":"https:\/\/www.colegiovillanonguen.cl\/index.php\/wp-json\/wp\/v2\/types\/post"}],"author":[{"embeddable":true,"href":"https:\/\/www.colegiovillanonguen.cl\/index.php\/wp-json\/wp\/v2\/users\/1"}],"replies":[{"embeddable":true,"href":"https:\/\/www.colegiovillanonguen.cl\/index.php\/wp-json\/wp\/v2\/comments?post=585"}],"version-history":[{"count":1,"href":"https:\/\/www.colegiovillanonguen.cl\/index.php\/wp-json\/wp\/v2\/posts\/585\/revisions"}],"predecessor-version":[{"id":587,"href":"https:\/\/www.colegiovillanonguen.cl\/index.php\/wp-json\/wp\/v2\/posts\/585\/revisions\/587"}],"wp:attachment":[{"href":"https:\/\/www.colegiovillanonguen.cl\/index.php\/wp-json\/wp\/v2\/media?parent=585"}],"wp:term":[{"taxonomy":"category","embeddable":true,"href":"https:\/\/www.colegiovillanonguen.cl\/index.php\/wp-json\/wp\/v2\/categories?post=585"},{"taxonomy":"post_tag","embeddable":true,"href":"https:\/\/www.colegiovillanonguen.cl\/index.php\/wp-json\/wp\/v2\/tags?post=585"}],"curies":[{"name":"wp","href":"https:\/\/api.w.org\/{rel}","templated":true}]}}