{"id":582,"date":"2015-12-17T11:20:16","date_gmt":"2015-12-17T11:20:16","guid":{"rendered":"http:\/\/www.colegiovillanonguen.cl\/?p=582"},"modified":"2015-12-17T11:20:16","modified_gmt":"2015-12-17T11:20:16","slug":"premiacion-alumnos-2015","status":"publish","type":"post","link":"https:\/\/www.colegiovillanonguen.cl\/index.php\/2015\/12\/17\/premiacion-alumnos-2015\/","title":{"rendered":"Premiaci\u00f3n Alumnos 2015"},"content":{"rendered":"<p style=\"text-align: justify;\"><a href=\"http:\/\/tester.colegiovillanonguen.cl\/wp-content\/uploads\/2015\/06\/favicon.png\"><img loading=\"lazy\" decoding=\"async\" class=\" wp-image-142 alignleft\" src=\"http:\/\/tester.colegiovillanonguen.cl\/wp-content\/uploads\/2015\/06\/favicon.png\" alt=\"favicon\" width=\"58\" height=\"58\" \/><\/a>Con una ceremonia el d\u00eda mi\u00e9rcoles 02 de diciembre, la comunidad educativa, realiz\u00f3 la entrega de reconocimientos a los estudiantes m\u00e1s destacados del presente a\u00f1o escolar. Felicitamos\u00a0 a los docentes y a las familias, por ser quienes\u00a0 impulsaron\u00a0 y motivaron\u00a0 el \u00a0valor del trabajo diario y la responsabilidad. Los alumnos\u00a0 han sido reconocidos por estos m\u00e9ritos en una \u00a0ceremonia en una realizada en nuestro\u00a0 establecimiento.<\/p>\n<p style=\"text-align: justify;\">Volvemos a felicitar a nuestros estudiantes y a sus familias, y los invitamos a ver el registro fotogr\u00e1fico de tan merecidos premios<\/p>\n<p style=\"text-align: justify;\"><a href=\"https:\/\/goo.gl\/photos\/HDhyFg1KBTaXi6QP9\" target=\"_blank\"><img loading=\"lazy\" decoding=\"async\" class=\"  wp-image-583 aligncenter\" src=\"https:\/\/www.colegiovillanonguen.cl\/wp-content\/uploads\/2015\/12\/IMG_20151202_115939588-300x169.jpg\" alt=\"IMG_20151202_115939588\" width=\"234\" height=\"132\" srcset=\"https:\/\/www.colegiovillanonguen.cl\/wp-content\/uploads\/2015\/12\/IMG_20151202_115939588-300x169.jpg 300w, https:\/\/www.colegiovillanonguen.cl\/wp-content\/uploads\/2015\/12\/IMG_20151202_115939588-1024x575.jpg 1024w\" sizes=\"auto, (max-width: 234px) 100vw, 234px\" \/><\/a><\/p>\n","protected":false},"excerpt":{"rendered":"<p>Con una ceremonia el d\u00eda mi\u00e9rcoles 02 de diciembre, la comunidad educativa, realiz\u00f3 la entrega de reconocimientos a los estudiantes m\u00e1s destacados del presente a\u00f1o escolar. Felicitamos\u00a0 a los docentes y a las familias, por ser quienes\u00a0 impulsaron\u00a0 y motivaron\u00a0 el \u00a0valor del trabajo diario y la responsabilidad. Los alumnos\u00a0 han sido reconocidos por estos [&hellip;]<\/p>\n","protected":false},"author":1,"featured_media":0,"comment_status":"closed","ping_status":"open","sticky":false,"template":"","format":"standard","meta":{"footnotes":""},"categories":[1],"tags":[],"class_list":["post-582","post","type-post","status-publish","format-standard","hentry","category-info"],"_links":{"self":[{"href":"https:\/\/www.colegiovillanonguen.cl\/index.php\/wp-json\/wp\/v2\/posts\/582","targetHints":{"allow":["GET"]}}],"collection":[{"href":"https:\/\/www.colegiovillanonguen.cl\/index.php\/wp-json\/wp\/v2\/posts"}],"about":[{"href":"https:\/\/www.colegiovillanonguen.cl\/index.php\/wp-json\/wp\/v2\/types\/post"}],"author":[{"embeddable":true,"href":"https:\/\/www.colegiovillanonguen.cl\/index.php\/wp-json\/wp\/v2\/users\/1"}],"replies":[{"embeddable":true,"href":"https:\/\/www.colegiovillanonguen.cl\/index.php\/wp-json\/wp\/v2\/comments?post=582"}],"version-history":[{"count":5,"href":"https:\/\/www.colegiovillanonguen.cl\/index.php\/wp-json\/wp\/v2\/posts\/582\/revisions"}],"predecessor-version":[{"id":595,"href":"https:\/\/www.colegiovillanonguen.cl\/index.php\/wp-json\/wp\/v2\/posts\/582\/revisions\/595"}],"wp:attachment":[{"href":"https:\/\/www.colegiovillanonguen.cl\/index.php\/wp-json\/wp\/v2\/media?parent=582"}],"wp:term":[{"taxonomy":"category","embeddable":true,"href":"https:\/\/www.colegiovillanonguen.cl\/index.php\/wp-json\/wp\/v2\/categories?post=582"},{"taxonomy":"post_tag","embeddable":true,"href":"https:\/\/www.colegiovillanonguen.cl\/index.php\/wp-json\/wp\/v2\/tags?post=582"}],"curies":[{"name":"wp","href":"https:\/\/api.w.org\/{rel}","templated":true}]}}