{"id":575,"date":"2015-11-27T17:21:17","date_gmt":"2015-11-27T17:21:17","guid":{"rendered":"http:\/\/www.colegiovillanonguen.cl\/?p=575"},"modified":"2015-11-27T17:21:17","modified_gmt":"2015-11-27T17:21:17","slug":"premio-quinto-ano-basico","status":"publish","type":"post","link":"https:\/\/www.colegiovillanonguen.cl\/index.php\/2015\/11\/27\/premio-quinto-ano-basico\/","title":{"rendered":"Premio Quinto a\u00f1o B\u00e1sico"},"content":{"rendered":"<div><a href=\"https:\/\/www.colegiovillanonguen.cl\/wp-content\/uploads\/2015\/06\/favicon.png\"><img loading=\"lazy\" decoding=\"async\" class=\"alignleft wp-image-142\" src=\"https:\/\/www.colegiovillanonguen.cl\/wp-content\/uploads\/2015\/06\/favicon.png\" alt=\"favicon\" width=\"58\" height=\"58\" \/><\/a>Como ya hab\u00eda sido comunicado, nuestros estudiantes de Quinto a\u00f1o B\u00e1sico junto con el profesor de Ciencias Naturales, Andr\u00e9s Silva, obtuvieron el primer lugar del concurso realizado por Fundaci\u00f3n Mar de Chile y patrocinado por supermercado L\u00edder con relaci\u00f3n al cuidado del Medio Ambiente. El premio del concurso fue una salida a terreno a Dichato por toda una jornada.<\/div>\n<div>Volvemos a felicitar a nuestros estudiantes y a sus familias, y los invitamos a ver el registro fotogr\u00e1fico de tan merecido premio<a href=\"https:\/\/goo.gl\/photos\/1CHTzokBZX5gXGxAA\" target=\"_blank\"><img loading=\"lazy\" decoding=\"async\" class=\"  wp-image-576 aligncenter\" src=\"https:\/\/www.colegiovillanonguen.cl\/wp-content\/uploads\/2015\/11\/DSC_1384-300x169.jpg\" alt=\"DSC_1384\" width=\"256\" height=\"144\" srcset=\"https:\/\/www.colegiovillanonguen.cl\/wp-content\/uploads\/2015\/11\/DSC_1384-300x169.jpg 300w, https:\/\/www.colegiovillanonguen.cl\/wp-content\/uploads\/2015\/11\/DSC_1384.jpg 640w\" sizes=\"auto, (max-width: 256px) 100vw, 256px\" \/><\/a><\/div>\n","protected":false},"excerpt":{"rendered":"<p>Como ya hab\u00eda sido comunicado, nuestros estudiantes de Quinto a\u00f1o B\u00e1sico junto con el profesor de Ciencias Naturales, Andr\u00e9s Silva, obtuvieron el primer lugar del concurso realizado por Fundaci\u00f3n Mar de Chile y patrocinado por supermercado L\u00edder con relaci\u00f3n al cuidado del Medio Ambiente. El premio del concurso fue una salida a terreno a Dichato [&hellip;]<\/p>\n","protected":false},"author":1,"featured_media":0,"comment_status":"closed","ping_status":"open","sticky":false,"template":"","format":"standard","meta":{"footnotes":""},"categories":[1],"tags":[],"class_list":["post-575","post","type-post","status-publish","format-standard","hentry","category-info"],"_links":{"self":[{"href":"https:\/\/www.colegiovillanonguen.cl\/index.php\/wp-json\/wp\/v2\/posts\/575","targetHints":{"allow":["GET"]}}],"collection":[{"href":"https:\/\/www.colegiovillanonguen.cl\/index.php\/wp-json\/wp\/v2\/posts"}],"about":[{"href":"https:\/\/www.colegiovillanonguen.cl\/index.php\/wp-json\/wp\/v2\/types\/post"}],"author":[{"embeddable":true,"href":"https:\/\/www.colegiovillanonguen.cl\/index.php\/wp-json\/wp\/v2\/users\/1"}],"replies":[{"embeddable":true,"href":"https:\/\/www.colegiovillanonguen.cl\/index.php\/wp-json\/wp\/v2\/comments?post=575"}],"version-history":[{"count":1,"href":"https:\/\/www.colegiovillanonguen.cl\/index.php\/wp-json\/wp\/v2\/posts\/575\/revisions"}],"predecessor-version":[{"id":577,"href":"https:\/\/www.colegiovillanonguen.cl\/index.php\/wp-json\/wp\/v2\/posts\/575\/revisions\/577"}],"wp:attachment":[{"href":"https:\/\/www.colegiovillanonguen.cl\/index.php\/wp-json\/wp\/v2\/media?parent=575"}],"wp:term":[{"taxonomy":"category","embeddable":true,"href":"https:\/\/www.colegiovillanonguen.cl\/index.php\/wp-json\/wp\/v2\/categories?post=575"},{"taxonomy":"post_tag","embeddable":true,"href":"https:\/\/www.colegiovillanonguen.cl\/index.php\/wp-json\/wp\/v2\/tags?post=575"}],"curies":[{"name":"wp","href":"https:\/\/api.w.org\/{rel}","templated":true}]}}