{"id":490,"date":"2015-10-30T14:59:41","date_gmt":"2015-10-30T14:59:41","guid":{"rendered":"http:\/\/www.colegiovillanonguen.cl\/?p=490"},"modified":"2015-10-30T17:52:47","modified_gmt":"2015-10-30T17:52:47","slug":"reunion-de-red-de-colegios","status":"publish","type":"post","link":"https:\/\/www.colegiovillanonguen.cl\/index.php\/2015\/10\/30\/reunion-de-red-de-colegios\/","title":{"rendered":"Reuni\u00f3n de RED de colegios"},"content":{"rendered":"<p><a href=\"https:\/\/www.colegiovillanonguen.cl\/wp-content\/uploads\/2015\/06\/favicon.png\"><img loading=\"lazy\" decoding=\"async\" class=\"  wp-image-142 alignleft\" src=\"https:\/\/www.colegiovillanonguen.cl\/wp-content\/uploads\/2015\/06\/favicon.png\" alt=\"favicon\" width=\"57\" height=\"57\" \/><\/a>\u00a0En el d\u00eda de ayer nuestro Colegio fue sede de la reuni\u00f3n mensual \u00a0de la RED de Colegios particulares subvencionados programada por el Ministerio de Educaci\u00f3n y su representaci\u00f3n en la Provincia de Concepci\u00f3n. A la cita llegaron m\u00e1s de diez colegios \u00a0desde comunas como Concepci\u00f3n, Hualp\u00e9n, Talcahuano y Ninhue.<\/p>\n<p>El tema central de la reuni\u00f3n fue el dar a conocer la forma en que nuestro Colegio trabaja el Plan de Mejoramiento Educativo a la luz del Proyecto Educativo Institucional. La exposici\u00f3n y posterior trabajo en equipos fue liderado por Alejandra Casanueva Barrales, Jefa de la Unidad T\u00e9cnica Pedag\u00f3gica.<\/p>\n<p>Los invitamos a ver una galer\u00eda fotogr\u00e1fica de la reuni\u00f3n haciendo clic en la siguiente imagen<\/p>\n<p><a href=\"https:\/\/goo.gl\/photos\/d3YkWa1qdrCbp7WA6\" target=\"_blank\"><img loading=\"lazy\" decoding=\"async\" class=\"  wp-image-491 aligncenter\" src=\"https:\/\/www.colegiovillanonguen.cl\/wp-content\/uploads\/2015\/10\/1-300x225.jpg\" alt=\"1\" width=\"196\" height=\"148\" \/><\/a><\/p>\n","protected":false},"excerpt":{"rendered":"<p>\u00a0En el d\u00eda de ayer nuestro Colegio fue sede de la reuni\u00f3n mensual \u00a0de la RED de Colegios particulares subvencionados programada por el Ministerio de Educaci\u00f3n y su representaci\u00f3n en la Provincia de Concepci\u00f3n. A la cita llegaron m\u00e1s de diez colegios \u00a0desde comunas como Concepci\u00f3n, Hualp\u00e9n, Talcahuano y Ninhue. El tema central de la [&hellip;]<\/p>\n","protected":false},"author":1,"featured_media":0,"comment_status":"closed","ping_status":"open","sticky":false,"template":"","format":"standard","meta":{"footnotes":""},"categories":[1],"tags":[],"class_list":["post-490","post","type-post","status-publish","format-standard","hentry","category-info"],"_links":{"self":[{"href":"https:\/\/www.colegiovillanonguen.cl\/index.php\/wp-json\/wp\/v2\/posts\/490","targetHints":{"allow":["GET"]}}],"collection":[{"href":"https:\/\/www.colegiovillanonguen.cl\/index.php\/wp-json\/wp\/v2\/posts"}],"about":[{"href":"https:\/\/www.colegiovillanonguen.cl\/index.php\/wp-json\/wp\/v2\/types\/post"}],"author":[{"embeddable":true,"href":"https:\/\/www.colegiovillanonguen.cl\/index.php\/wp-json\/wp\/v2\/users\/1"}],"replies":[{"embeddable":true,"href":"https:\/\/www.colegiovillanonguen.cl\/index.php\/wp-json\/wp\/v2\/comments?post=490"}],"version-history":[{"count":4,"href":"https:\/\/www.colegiovillanonguen.cl\/index.php\/wp-json\/wp\/v2\/posts\/490\/revisions"}],"predecessor-version":[{"id":495,"href":"https:\/\/www.colegiovillanonguen.cl\/index.php\/wp-json\/wp\/v2\/posts\/490\/revisions\/495"}],"wp:attachment":[{"href":"https:\/\/www.colegiovillanonguen.cl\/index.php\/wp-json\/wp\/v2\/media?parent=490"}],"wp:term":[{"taxonomy":"category","embeddable":true,"href":"https:\/\/www.colegiovillanonguen.cl\/index.php\/wp-json\/wp\/v2\/categories?post=490"},{"taxonomy":"post_tag","embeddable":true,"href":"https:\/\/www.colegiovillanonguen.cl\/index.php\/wp-json\/wp\/v2\/tags?post=490"}],"curies":[{"name":"wp","href":"https:\/\/api.w.org\/{rel}","templated":true}]}}