{"id":4252,"date":"2025-12-18T11:24:00","date_gmt":"2025-12-18T11:24:00","guid":{"rendered":"https:\/\/www.colegiovillanonguen.cl\/?p=4252"},"modified":"2026-03-04T15:17:56","modified_gmt":"2026-03-04T15:17:56","slug":"licenciatura-kinder","status":"publish","type":"post","link":"https:\/\/www.colegiovillanonguen.cl\/index.php\/2025\/12\/18\/licenciatura-kinder\/","title":{"rendered":"Licenciatura K\u00ednder"},"content":{"rendered":"\n<p>Con una emotiva y significativa ceremonia, el Colegio Villa Nongu\u00e9n celebr\u00f3 la licenciatura de 19 ni\u00f1os y ni\u00f1as de K\u00ednder, quienes culminaron su etapa de Educaci\u00f3n Parvularia y se preparan para iniciar la Educaci\u00f3n B\u00e1sica el a\u00f1o 2026.<\/p>\n\n\n\n<p>La actividad cont\u00f3 con la presencia de padres, madres, apoderados, educadoras y directivos del establecimiento, quienes acompa\u00f1aron con orgullo y emoci\u00f3n a los egresados y egresadas, en este importante hito de su trayectoria acad\u00e9mica.<\/p>\n\n\n\n<p>Durante la ceremonia se reconoci\u00f3 a estudiantes que destacaron por su compromiso y formaci\u00f3n integral. En este contexto, Noemi Ester Mellado Chavez fue distinguida por obtener la mejor asistencia, mientras que Agustina Lagos Vergara recibi\u00f3 el reconocimiento como alumna integral, premio que valora a quien mejor representa los valores promovidos por el establecimiento.<\/p>\n\n\n\n<p>En la ocasi\u00f3n, el rector del Colegio Villa Nongu\u00e9n, Vicente Cabrera Ortiz, felicit\u00f3 a los ni\u00f1os y ni\u00f1as por este importante logro, destacando adem\u00e1s, el proyecto educativo del establecimiento. \u201cFelicito a los ni\u00f1os y ni\u00f1as que hoy terminan su educaci\u00f3n parvularia y dan inicio a la educaci\u00f3n b\u00e1sica en un colegio que se destaca por la calidad acad\u00e9mica, lo que nos llev\u00f3 a obtener el reconocimiento de Colegio Bicentenario de Excelencia y nos sit\u00faa a nivel regional como un referente de buenas pr\u00e1cticas\u201d, se\u00f1al\u00f3.<\/p>\n\n\n\n<p>Uno de los momentos m\u00e1s significativos de la jornada se vivi\u00f3 cuando los p\u00e1rvulos pasaron de manera individual a recibir su licencia de K\u00ednder, para luego, de forma colectiva, entonar una emotiva canci\u00f3n como despedida de esta etapa de escolaridad, llenando de emoci\u00f3n a todos los asistentes.<\/p>\n\n\n\n<p>La ceremonia fue amenizada por la Orquesta de cuerdas del establecimiento, que interpret\u00f3 piezas cl\u00e1sicas, aportando un especial marco art\u00edstico y cultural al evento.<\/p>\n\n\n\n<p>Con alegr\u00eda y entusiasmo, los ni\u00f1os y ni\u00f1as finalizaron esta importante etapa de su formaci\u00f3n, dando paso a un nuevo desaf\u00edo educativo al prepararse para ingresar a Primero B\u00e1sico durante el a\u00f1o 2026.<\/p>\n\n\n\n<figure class=\"wp-block-image size-large\"><img loading=\"lazy\" decoding=\"async\" width=\"1024\" height=\"726\" src=\"https:\/\/www.colegiovillanonguen.cl\/wp-content\/uploads\/2026\/01\/Beige-Minimalist-Collage-Honeymoon-Memories-Photo-Card-1024x726.png\" alt=\"\" class=\"wp-image-4253\" srcset=\"https:\/\/www.colegiovillanonguen.cl\/wp-content\/uploads\/2026\/01\/Beige-Minimalist-Collage-Honeymoon-Memories-Photo-Card-1024x726.png 1024w, https:\/\/www.colegiovillanonguen.cl\/wp-content\/uploads\/2026\/01\/Beige-Minimalist-Collage-Honeymoon-Memories-Photo-Card-300x213.png 300w, https:\/\/www.colegiovillanonguen.cl\/wp-content\/uploads\/2026\/01\/Beige-Minimalist-Collage-Honeymoon-Memories-Photo-Card-768x545.png 768w, https:\/\/www.colegiovillanonguen.cl\/wp-content\/uploads\/2026\/01\/Beige-Minimalist-Collage-Honeymoon-Memories-Photo-Card-1536x1090.png 1536w, https:\/\/www.colegiovillanonguen.cl\/wp-content\/uploads\/2026\/01\/Beige-Minimalist-Collage-Honeymoon-Memories-Photo-Card.png 1748w\" sizes=\"auto, (max-width: 1024px) 100vw, 1024px\" \/><\/figure>\n","protected":false},"excerpt":{"rendered":"<p>Con una emotiva y significativa ceremonia, el Colegio Villa Nongu\u00e9n celebr\u00f3 la licenciatura de 19 ni\u00f1os y ni\u00f1as de K\u00ednder, quienes culminaron su etapa de Educaci\u00f3n Parvularia y se preparan para iniciar la Educaci\u00f3n B\u00e1sica el a\u00f1o 2026. La actividad cont\u00f3 con la presencia de padres, madres, apoderados, educadoras y directivos del establecimiento, quienes acompa\u00f1aron [&hellip;]<\/p>\n","protected":false},"author":1,"featured_media":3725,"comment_status":"closed","ping_status":"open","sticky":false,"template":"","format":"standard","meta":{"footnotes":""},"categories":[1],"tags":[],"class_list":["post-4252","post","type-post","status-publish","format-standard","has-post-thumbnail","hentry","category-info"],"_links":{"self":[{"href":"https:\/\/www.colegiovillanonguen.cl\/index.php\/wp-json\/wp\/v2\/posts\/4252","targetHints":{"allow":["GET"]}}],"collection":[{"href":"https:\/\/www.colegiovillanonguen.cl\/index.php\/wp-json\/wp\/v2\/posts"}],"about":[{"href":"https:\/\/www.colegiovillanonguen.cl\/index.php\/wp-json\/wp\/v2\/types\/post"}],"author":[{"embeddable":true,"href":"https:\/\/www.colegiovillanonguen.cl\/index.php\/wp-json\/wp\/v2\/users\/1"}],"replies":[{"embeddable":true,"href":"https:\/\/www.colegiovillanonguen.cl\/index.php\/wp-json\/wp\/v2\/comments?post=4252"}],"version-history":[{"count":2,"href":"https:\/\/www.colegiovillanonguen.cl\/index.php\/wp-json\/wp\/v2\/posts\/4252\/revisions"}],"predecessor-version":[{"id":4255,"href":"https:\/\/www.colegiovillanonguen.cl\/index.php\/wp-json\/wp\/v2\/posts\/4252\/revisions\/4255"}],"wp:featuredmedia":[{"embeddable":true,"href":"https:\/\/www.colegiovillanonguen.cl\/index.php\/wp-json\/wp\/v2\/media\/3725"}],"wp:attachment":[{"href":"https:\/\/www.colegiovillanonguen.cl\/index.php\/wp-json\/wp\/v2\/media?parent=4252"}],"wp:term":[{"taxonomy":"category","embeddable":true,"href":"https:\/\/www.colegiovillanonguen.cl\/index.php\/wp-json\/wp\/v2\/categories?post=4252"},{"taxonomy":"post_tag","embeddable":true,"href":"https:\/\/www.colegiovillanonguen.cl\/index.php\/wp-json\/wp\/v2\/tags?post=4252"}],"curies":[{"name":"wp","href":"https:\/\/api.w.org\/{rel}","templated":true}]}}