{"id":4170,"date":"2025-11-28T15:48:58","date_gmt":"2025-11-28T15:48:58","guid":{"rendered":"https:\/\/www.colegiovillanonguen.cl\/?p=4170"},"modified":"2025-12-03T13:21:09","modified_gmt":"2025-12-03T13:21:09","slug":"100-colecciones","status":"publish","type":"post","link":"https:\/\/www.colegiovillanonguen.cl\/index.php\/2025\/11\/28\/100-colecciones\/","title":{"rendered":"100 colecciones"},"content":{"rendered":"\n<p>Estimada comunidad: El jueves 27 de noviembre en el sector del Hall de nuestro colegio, el Primer a\u00f1o b\u00e1sico dio a conocer a la comunidad educativa el proyecto llamado \u00abMIS&nbsp;100 COLECCIONES\u00bb.&nbsp;<\/p>\n\n\n\n<p>Durante la muestra los estudiantes explicaron sus&nbsp;colecciones&nbsp;a los visitantes, contando sobre la experiencia y resolviendo dudas.<\/p>\n\n\n\n<p>El curso expositor estuvo acompa\u00f1ado de sus apoderados quienes tuvieron la oportunidad de dar confianza a sus hijos\/as y generar autonom\u00eda en las exposiciones a medida continuaban las presentaciones.&nbsp;<\/p>\n\n\n\n<p>Todo el colegio pudo participar a trav\u00e9s de turnos en la visita a la muestra, expresando gran inter\u00e9s en cada creaci\u00f3n y respeto por cada uno de los estudiantes protagonistas y sus trabajos.&nbsp;<\/p>\n\n\n\n<center><figure class=\"wp-block-image size-large\"><img loading=\"lazy\" decoding=\"async\" width=\"1024\" height=\"1024\" src=\"https:\/\/www.colegiovillanonguen.cl\/wp-content\/uploads\/2025\/12\/IMG-20251127-WA0106-COLLAGE-1024x1024.jpg\" alt=\"\" class=\"wp-image-4171\" srcset=\"https:\/\/www.colegiovillanonguen.cl\/wp-content\/uploads\/2025\/12\/IMG-20251127-WA0106-COLLAGE-1024x1024.jpg 1024w, https:\/\/www.colegiovillanonguen.cl\/wp-content\/uploads\/2025\/12\/IMG-20251127-WA0106-COLLAGE-300x300.jpg 300w, https:\/\/www.colegiovillanonguen.cl\/wp-content\/uploads\/2025\/12\/IMG-20251127-WA0106-COLLAGE-150x150.jpg 150w, https:\/\/www.colegiovillanonguen.cl\/wp-content\/uploads\/2025\/12\/IMG-20251127-WA0106-COLLAGE-768x768.jpg 768w, https:\/\/www.colegiovillanonguen.cl\/wp-content\/uploads\/2025\/12\/IMG-20251127-WA0106-COLLAGE-1536x1536.jpg 1536w, https:\/\/www.colegiovillanonguen.cl\/wp-content\/uploads\/2025\/12\/IMG-20251127-WA0106-COLLAGE-50x50.jpg 50w, https:\/\/www.colegiovillanonguen.cl\/wp-content\/uploads\/2025\/12\/IMG-20251127-WA0106-COLLAGE-80x80.jpg 80w, https:\/\/www.colegiovillanonguen.cl\/wp-content\/uploads\/2025\/12\/IMG-20251127-WA0106-COLLAGE.jpg 2047w\" sizes=\"auto, (max-width: 1024px) 100vw, 1024px\" \/><\/figure><\/center>\n","protected":false},"excerpt":{"rendered":"<p>Estimada comunidad: El jueves 27 de noviembre en el sector del Hall de nuestro colegio, el Primer a\u00f1o b\u00e1sico dio a conocer a la comunidad educativa el proyecto llamado \u00abMIS&nbsp;100 COLECCIONES\u00bb.&nbsp; Durante la muestra los estudiantes explicaron sus&nbsp;colecciones&nbsp;a los visitantes, contando sobre la experiencia y resolviendo dudas. El curso expositor estuvo acompa\u00f1ado de sus apoderados [&hellip;]<\/p>\n","protected":false},"author":1,"featured_media":4172,"comment_status":"closed","ping_status":"open","sticky":false,"template":"","format":"standard","meta":{"footnotes":""},"categories":[1],"tags":[],"class_list":["post-4170","post","type-post","status-publish","format-standard","has-post-thumbnail","hentry","category-info"],"_links":{"self":[{"href":"https:\/\/www.colegiovillanonguen.cl\/index.php\/wp-json\/wp\/v2\/posts\/4170","targetHints":{"allow":["GET"]}}],"collection":[{"href":"https:\/\/www.colegiovillanonguen.cl\/index.php\/wp-json\/wp\/v2\/posts"}],"about":[{"href":"https:\/\/www.colegiovillanonguen.cl\/index.php\/wp-json\/wp\/v2\/types\/post"}],"author":[{"embeddable":true,"href":"https:\/\/www.colegiovillanonguen.cl\/index.php\/wp-json\/wp\/v2\/users\/1"}],"replies":[{"embeddable":true,"href":"https:\/\/www.colegiovillanonguen.cl\/index.php\/wp-json\/wp\/v2\/comments?post=4170"}],"version-history":[{"count":2,"href":"https:\/\/www.colegiovillanonguen.cl\/index.php\/wp-json\/wp\/v2\/posts\/4170\/revisions"}],"predecessor-version":[{"id":4181,"href":"https:\/\/www.colegiovillanonguen.cl\/index.php\/wp-json\/wp\/v2\/posts\/4170\/revisions\/4181"}],"wp:featuredmedia":[{"embeddable":true,"href":"https:\/\/www.colegiovillanonguen.cl\/index.php\/wp-json\/wp\/v2\/media\/4172"}],"wp:attachment":[{"href":"https:\/\/www.colegiovillanonguen.cl\/index.php\/wp-json\/wp\/v2\/media?parent=4170"}],"wp:term":[{"taxonomy":"category","embeddable":true,"href":"https:\/\/www.colegiovillanonguen.cl\/index.php\/wp-json\/wp\/v2\/categories?post=4170"},{"taxonomy":"post_tag","embeddable":true,"href":"https:\/\/www.colegiovillanonguen.cl\/index.php\/wp-json\/wp\/v2\/tags?post=4170"}],"curies":[{"name":"wp","href":"https:\/\/api.w.org\/{rel}","templated":true}]}}