{"id":4166,"date":"2025-12-01T14:47:31","date_gmt":"2025-12-01T14:47:31","guid":{"rendered":"https:\/\/www.colegiovillanonguen.cl\/?p=4166"},"modified":"2025-12-03T13:18:46","modified_gmt":"2025-12-03T13:18:46","slug":"cvn-en-teleton","status":"publish","type":"post","link":"https:\/\/www.colegiovillanonguen.cl\/index.php\/2025\/12\/01\/cvn-en-teleton\/","title":{"rendered":"CVN en Telet\u00f3n"},"content":{"rendered":"\n<p>Estimada comunidad: agradecidos de sus aportes y compromiso por todas las campa\u00f1as solidarias donde  los invitamos a participar, les contamos que este a\u00f1o nuestro aporte comunitario hacia la Telet\u00f3n alcanz\u00f3 un record de participaci\u00f3n en las actividades propuestas y en el dinero recolectado.<\/p>\n\n\n\n<p>\u00a1Infinitas gracias y a preprararnos para el 2026!<\/p>\n\n\n\n<center><figure class=\"wp-block-image size-large\"><img loading=\"lazy\" decoding=\"async\" width=\"1024\" height=\"1024\" src=\"https:\/\/www.colegiovillanonguen.cl\/wp-content\/uploads\/2025\/12\/IMG-20251106-WA0081-COLLAGE-1024x1024.jpg\" alt=\"\" class=\"wp-image-4168\" srcset=\"https:\/\/www.colegiovillanonguen.cl\/wp-content\/uploads\/2025\/12\/IMG-20251106-WA0081-COLLAGE-1024x1024.jpg 1024w, https:\/\/www.colegiovillanonguen.cl\/wp-content\/uploads\/2025\/12\/IMG-20251106-WA0081-COLLAGE-300x300.jpg 300w, https:\/\/www.colegiovillanonguen.cl\/wp-content\/uploads\/2025\/12\/IMG-20251106-WA0081-COLLAGE-150x150.jpg 150w, https:\/\/www.colegiovillanonguen.cl\/wp-content\/uploads\/2025\/12\/IMG-20251106-WA0081-COLLAGE-768x768.jpg 768w, https:\/\/www.colegiovillanonguen.cl\/wp-content\/uploads\/2025\/12\/IMG-20251106-WA0081-COLLAGE-1536x1536.jpg 1536w, https:\/\/www.colegiovillanonguen.cl\/wp-content\/uploads\/2025\/12\/IMG-20251106-WA0081-COLLAGE-50x50.jpg 50w, https:\/\/www.colegiovillanonguen.cl\/wp-content\/uploads\/2025\/12\/IMG-20251106-WA0081-COLLAGE-80x80.jpg 80w, https:\/\/www.colegiovillanonguen.cl\/wp-content\/uploads\/2025\/12\/IMG-20251106-WA0081-COLLAGE.jpg 2047w\" sizes=\"auto, (max-width: 1024px) 100vw, 1024px\" \/><\/figure><\/center>\n","protected":false},"excerpt":{"rendered":"<p>Estimada comunidad: agradecidos de sus aportes y compromiso por todas las campa\u00f1as solidarias donde los invitamos a participar, les contamos que este a\u00f1o nuestro aporte comunitario hacia la Telet\u00f3n alcanz\u00f3 un record de participaci\u00f3n en las actividades propuestas y en el dinero recolectado. \u00a1Infinitas gracias y a preprararnos para el 2026!<\/p>\n","protected":false},"author":1,"featured_media":4167,"comment_status":"closed","ping_status":"open","sticky":false,"template":"","format":"standard","meta":{"footnotes":""},"categories":[1],"tags":[],"class_list":["post-4166","post","type-post","status-publish","format-standard","has-post-thumbnail","hentry","category-info"],"_links":{"self":[{"href":"https:\/\/www.colegiovillanonguen.cl\/index.php\/wp-json\/wp\/v2\/posts\/4166","targetHints":{"allow":["GET"]}}],"collection":[{"href":"https:\/\/www.colegiovillanonguen.cl\/index.php\/wp-json\/wp\/v2\/posts"}],"about":[{"href":"https:\/\/www.colegiovillanonguen.cl\/index.php\/wp-json\/wp\/v2\/types\/post"}],"author":[{"embeddable":true,"href":"https:\/\/www.colegiovillanonguen.cl\/index.php\/wp-json\/wp\/v2\/users\/1"}],"replies":[{"embeddable":true,"href":"https:\/\/www.colegiovillanonguen.cl\/index.php\/wp-json\/wp\/v2\/comments?post=4166"}],"version-history":[{"count":2,"href":"https:\/\/www.colegiovillanonguen.cl\/index.php\/wp-json\/wp\/v2\/posts\/4166\/revisions"}],"predecessor-version":[{"id":4179,"href":"https:\/\/www.colegiovillanonguen.cl\/index.php\/wp-json\/wp\/v2\/posts\/4166\/revisions\/4179"}],"wp:featuredmedia":[{"embeddable":true,"href":"https:\/\/www.colegiovillanonguen.cl\/index.php\/wp-json\/wp\/v2\/media\/4167"}],"wp:attachment":[{"href":"https:\/\/www.colegiovillanonguen.cl\/index.php\/wp-json\/wp\/v2\/media?parent=4166"}],"wp:term":[{"taxonomy":"category","embeddable":true,"href":"https:\/\/www.colegiovillanonguen.cl\/index.php\/wp-json\/wp\/v2\/categories?post=4166"},{"taxonomy":"post_tag","embeddable":true,"href":"https:\/\/www.colegiovillanonguen.cl\/index.php\/wp-json\/wp\/v2\/tags?post=4166"}],"curies":[{"name":"wp","href":"https:\/\/api.w.org\/{rel}","templated":true}]}}