{"id":4136,"date":"2025-11-03T15:30:25","date_gmt":"2025-11-03T15:30:25","guid":{"rendered":"https:\/\/www.colegiovillanonguen.cl\/?p=4136"},"modified":"2025-12-03T13:27:14","modified_gmt":"2025-12-03T13:27:14","slug":"colegio-bicentenario-de-excelencia","status":"publish","type":"post","link":"https:\/\/www.colegiovillanonguen.cl\/index.php\/2025\/11\/03\/colegio-bicentenario-de-excelencia\/","title":{"rendered":"Colegio Bicentenario de Excelencia"},"content":{"rendered":"\n<p>Estimada Comunidad Educativa,&nbsp;<\/p>\n\n\n\n<p>Con gran alegr\u00eda hemos recibido la Resoluci\u00f3n Exenta N\u00b0 12735 del Ministerio de Educaci\u00f3n que nos otorga la calidad de Colegio Bicentenario de Excelencia. Este reconocimiento se obtuvo gracias a la presentaci\u00f3n de un proyecto que obtuvo la m\u00e1xima calificaci\u00f3n posible. Esta&nbsp;distinci\u00f3n nos posiciona como el primero entre los 20 establecimientos reconocidos a nivel nacional.<\/p>\n\n\n\n<p>La noticia fue recibida con gran entusiasmo por parte de profesores, administrativos, Centro de Padres y, especialmente, por los 454 estudiantes de nuestro establecimiento educacional, quienes ser\u00e1n los principales beneficiados con este reconocimiento que otorga importantes recursos para invertir en el colegio.<\/p>\n\n\n\n<p>Vicente Cabrera Ortiz, Rector del Colegio Villa Nongu\u00e9n, destac\u00f3 el significado de este logro \u201cEs motivo de gran orgullo para toda nuestra comunidad. Significa que el trabajo serio, comprometido y sostenido que realizamos cada d\u00eda est\u00e1 siendo reconocido a nivel nacional. Representa la confianza en nuestro proyecto educativo, en nuestros estudiantes, sus familias y el equipo humano del colegio. Este logro nos confirma que es posible crecer, innovar y avanzar con identidad, esfuerzo y convicci\u00f3n desde Nongu\u00e9n al mundo\u201d.<\/p>\n\n\n\n<p>Por su parte, Marcelo Alarc\u00f3n, estudiante de Tercer a\u00f1o Medio, indic\u00f3 \u201cSignifica un gran valor para nosotros, porque nos permite participar no solo en actividades acad\u00e9micas, sino tambi\u00e9n deportivas y sociales. El colegio no se centra solo en ense\u00f1ar lo que dicta el Ministerio, sino en desarrollar habilidades \u00fatiles para la vida cotidiana y para nuestro futuro universitario\u201d.<\/p>\n\n\n\n<p>Desde la mirada de los apoderados, la Sra. Jenny Sep\u00falveda, Presidenta del Centro General de Padres y Apoderados, valor\u00f3 la noticia se\u00f1alando que \u201cEs excelente, ya que fortalecer\u00e1 la gesti\u00f3n pedag\u00f3gica, mejorar\u00e1 la infraestructura y el equipamiento del colegio, y permitir\u00e1 obtener m\u00e1s recursos para nuestros hijos e hijas, fomentando la excelencia acad\u00e9mica y la nivelaci\u00f3n de conocimientos\u201d.<\/p>\n\n\n\n<p>El proyecto presentado por el colegio tiene un horizonte de tres a\u00f1os y se enfoca en innovaci\u00f3n y emprendimiento, l\u00ednea que la instituci\u00f3n ha desarrollado con fuerza en los \u00faltimos a\u00f1os. La distinci\u00f3n, que tiene una duraci\u00f3n de 10 a\u00f1os, implica un compromiso permanente por mantener los est\u00e1ndares que dieron origen a la categor\u00eda, agreg\u00f3 el Rector.<\/p>\n\n\n\n<p>Los recursos obtenidos ser\u00e1n invertidos principalmente en fortalecimiento pedag\u00f3gico, con \u00e9nfasis en formaci\u00f3n docente, liderazgo educativo y estrategias de ense\u00f1anza innovadoras; adem\u00e1s de la mejora de infraestructura y equipamiento, para asegurar espacios m\u00e1s acogedores y funcionales para el aprendizaje.<\/p>\n\n\n\n<center><iframe loading=\"lazy\" src=\"https:\/\/drive.google.com\/file\/d\/1Pyk8Sh_7XzD9flhu79DEBbDBgQtt6tUS\/preview\" width=\"640\" height=\"480\" allow=\"autoplay\"><\/iframe><\/center>\n\n\n\n<p><\/p>\n","protected":false},"excerpt":{"rendered":"<p>Estimada Comunidad Educativa,&nbsp; Con gran alegr\u00eda hemos recibido la Resoluci\u00f3n Exenta N\u00b0 12735 del Ministerio de Educaci\u00f3n que nos otorga la calidad de Colegio Bicentenario de Excelencia. Este reconocimiento se obtuvo gracias a la presentaci\u00f3n de un proyecto que obtuvo la m\u00e1xima calificaci\u00f3n posible. Esta&nbsp;distinci\u00f3n nos posiciona como el primero entre los 20 establecimientos reconocidos [&hellip;]<\/p>\n","protected":false},"author":1,"featured_media":4139,"comment_status":"closed","ping_status":"open","sticky":false,"template":"","format":"standard","meta":{"footnotes":""},"categories":[1],"tags":[],"class_list":["post-4136","post","type-post","status-publish","format-standard","has-post-thumbnail","hentry","category-info"],"_links":{"self":[{"href":"https:\/\/www.colegiovillanonguen.cl\/index.php\/wp-json\/wp\/v2\/posts\/4136","targetHints":{"allow":["GET"]}}],"collection":[{"href":"https:\/\/www.colegiovillanonguen.cl\/index.php\/wp-json\/wp\/v2\/posts"}],"about":[{"href":"https:\/\/www.colegiovillanonguen.cl\/index.php\/wp-json\/wp\/v2\/types\/post"}],"author":[{"embeddable":true,"href":"https:\/\/www.colegiovillanonguen.cl\/index.php\/wp-json\/wp\/v2\/users\/1"}],"replies":[{"embeddable":true,"href":"https:\/\/www.colegiovillanonguen.cl\/index.php\/wp-json\/wp\/v2\/comments?post=4136"}],"version-history":[{"count":2,"href":"https:\/\/www.colegiovillanonguen.cl\/index.php\/wp-json\/wp\/v2\/posts\/4136\/revisions"}],"predecessor-version":[{"id":4191,"href":"https:\/\/www.colegiovillanonguen.cl\/index.php\/wp-json\/wp\/v2\/posts\/4136\/revisions\/4191"}],"wp:featuredmedia":[{"embeddable":true,"href":"https:\/\/www.colegiovillanonguen.cl\/index.php\/wp-json\/wp\/v2\/media\/4139"}],"wp:attachment":[{"href":"https:\/\/www.colegiovillanonguen.cl\/index.php\/wp-json\/wp\/v2\/media?parent=4136"}],"wp:term":[{"taxonomy":"category","embeddable":true,"href":"https:\/\/www.colegiovillanonguen.cl\/index.php\/wp-json\/wp\/v2\/categories?post=4136"},{"taxonomy":"post_tag","embeddable":true,"href":"https:\/\/www.colegiovillanonguen.cl\/index.php\/wp-json\/wp\/v2\/tags?post=4136"}],"curies":[{"name":"wp","href":"https:\/\/api.w.org\/{rel}","templated":true}]}}