{"id":4118,"date":"2025-11-14T11:59:48","date_gmt":"2025-11-14T11:59:48","guid":{"rendered":"https:\/\/www.colegiovillanonguen.cl\/?p=4118"},"modified":"2025-12-03T13:23:32","modified_gmt":"2025-12-03T13:23:32","slug":"cvn-en-la-u-santa-maria","status":"publish","type":"post","link":"https:\/\/www.colegiovillanonguen.cl\/index.php\/2025\/11\/14\/cvn-en-la-u-santa-maria\/","title":{"rendered":"CVN en la U. Santa Mar\u00eda"},"content":{"rendered":"\n<p>Estimada Comunidad: junto con saludar, compartimos la alegr\u00eda que nos brindaron tres estudiantes de nuestro colegio al finalizar con \u00e9xito su formaci\u00f3n en los programas especiales de Tech Talent y Proped\u00e9utico de la Universidad Federico Santa Mar\u00eda. En esta ocasi\u00f3n los estudiantes Gabriel Serrano, Benjam\u00edn Mu\u00f1oz y Anthony Cerundolo lograron obtener su \u00abGolden Ticket\u00bb que es su paso directo a la carrera universitaria de su agrado. El pr\u00f3ximo a\u00f1o, Benjam\u00edn estudiar\u00e1 Ingenier\u00eda en Inform\u00e1tica y Anthony estudiar\u00e1 T\u00e9cnico en Inform\u00e1tica. Gabriel, aun en Segundo Medio, tendr\u00e1 que esperar hasta Cuarto medio para se\u00f1alar su selecci\u00f3n.<\/p>\n\n\n\n<p>En la ceremonia, adem\u00e1s, nuestro colegio recibi\u00f3 un reconocimiento por nustra participaci\u00f3n; nuestro rector, Vicente Cabrera Ortiz, recibi\u00f3 el galard\u00f3n de manos de la doctora Gerlys Villalobos, acad\u00e9mica del departamento de Electr\u00f3nica e Inform\u00e1tica de dicha casa de estudios.<\/p>\n\n\n\n<p>Por \u00faltimo, nuestro estudiante Anthony Cerundolo recibi\u00f3 un reconocimiento por su compromiso ya tuvo una asistencia del 100 %.<\/p>\n\n\n\n<center><figure class=\"wp-block-image size-large\"><img loading=\"lazy\" decoding=\"async\" width=\"1024\" height=\"1024\" src=\"https:\/\/www.colegiovillanonguen.cl\/wp-content\/uploads\/2025\/11\/20251113_175828-COLLAGE-1024x1024.jpg\" alt=\"\" class=\"wp-image-4120\" srcset=\"https:\/\/www.colegiovillanonguen.cl\/wp-content\/uploads\/2025\/11\/20251113_175828-COLLAGE-1024x1024.jpg 1024w, https:\/\/www.colegiovillanonguen.cl\/wp-content\/uploads\/2025\/11\/20251113_175828-COLLAGE-300x300.jpg 300w, https:\/\/www.colegiovillanonguen.cl\/wp-content\/uploads\/2025\/11\/20251113_175828-COLLAGE-150x150.jpg 150w, https:\/\/www.colegiovillanonguen.cl\/wp-content\/uploads\/2025\/11\/20251113_175828-COLLAGE-768x768.jpg 768w, https:\/\/www.colegiovillanonguen.cl\/wp-content\/uploads\/2025\/11\/20251113_175828-COLLAGE-1536x1536.jpg 1536w, https:\/\/www.colegiovillanonguen.cl\/wp-content\/uploads\/2025\/11\/20251113_175828-COLLAGE-50x50.jpg 50w, https:\/\/www.colegiovillanonguen.cl\/wp-content\/uploads\/2025\/11\/20251113_175828-COLLAGE-80x80.jpg 80w, https:\/\/www.colegiovillanonguen.cl\/wp-content\/uploads\/2025\/11\/20251113_175828-COLLAGE.jpg 1991w\" sizes=\"auto, (max-width: 1024px) 100vw, 1024px\" \/><\/figure><\/center>\n","protected":false},"excerpt":{"rendered":"<p>Estimada Comunidad: junto con saludar, compartimos la alegr\u00eda que nos brindaron tres estudiantes de nuestro colegio al finalizar con \u00e9xito su formaci\u00f3n en los programas especiales de Tech Talent y Proped\u00e9utico de la Universidad Federico Santa Mar\u00eda. En esta ocasi\u00f3n los estudiantes Gabriel Serrano, Benjam\u00edn Mu\u00f1oz y Anthony Cerundolo lograron obtener su \u00abGolden Ticket\u00bb que [&hellip;]<\/p>\n","protected":false},"author":1,"featured_media":4119,"comment_status":"closed","ping_status":"open","sticky":false,"template":"","format":"standard","meta":{"footnotes":""},"categories":[1],"tags":[],"class_list":["post-4118","post","type-post","status-publish","format-standard","has-post-thumbnail","hentry","category-info"],"_links":{"self":[{"href":"https:\/\/www.colegiovillanonguen.cl\/index.php\/wp-json\/wp\/v2\/posts\/4118","targetHints":{"allow":["GET"]}}],"collection":[{"href":"https:\/\/www.colegiovillanonguen.cl\/index.php\/wp-json\/wp\/v2\/posts"}],"about":[{"href":"https:\/\/www.colegiovillanonguen.cl\/index.php\/wp-json\/wp\/v2\/types\/post"}],"author":[{"embeddable":true,"href":"https:\/\/www.colegiovillanonguen.cl\/index.php\/wp-json\/wp\/v2\/users\/1"}],"replies":[{"embeddable":true,"href":"https:\/\/www.colegiovillanonguen.cl\/index.php\/wp-json\/wp\/v2\/comments?post=4118"}],"version-history":[{"count":2,"href":"https:\/\/www.colegiovillanonguen.cl\/index.php\/wp-json\/wp\/v2\/posts\/4118\/revisions"}],"predecessor-version":[{"id":4186,"href":"https:\/\/www.colegiovillanonguen.cl\/index.php\/wp-json\/wp\/v2\/posts\/4118\/revisions\/4186"}],"wp:featuredmedia":[{"embeddable":true,"href":"https:\/\/www.colegiovillanonguen.cl\/index.php\/wp-json\/wp\/v2\/media\/4119"}],"wp:attachment":[{"href":"https:\/\/www.colegiovillanonguen.cl\/index.php\/wp-json\/wp\/v2\/media?parent=4118"}],"wp:term":[{"taxonomy":"category","embeddable":true,"href":"https:\/\/www.colegiovillanonguen.cl\/index.php\/wp-json\/wp\/v2\/categories?post=4118"},{"taxonomy":"post_tag","embeddable":true,"href":"https:\/\/www.colegiovillanonguen.cl\/index.php\/wp-json\/wp\/v2\/tags?post=4118"}],"curies":[{"name":"wp","href":"https:\/\/api.w.org\/{rel}","templated":true}]}}