{"id":4104,"date":"2025-10-31T01:32:52","date_gmt":"2025-10-31T01:32:52","guid":{"rendered":"https:\/\/www.colegiovillanonguen.cl\/?p=4104"},"modified":"2025-11-07T15:18:00","modified_gmt":"2025-11-07T15:18:00","slug":"cvn-visita-u-santo-tomas","status":"publish","type":"post","link":"https:\/\/www.colegiovillanonguen.cl\/index.php\/2025\/10\/31\/cvn-visita-u-santo-tomas\/","title":{"rendered":"CVN visita U. Santo Tom\u00e1s"},"content":{"rendered":"\n<p>Estimada Comunidad: el d\u00eda de hoy nuestro Rector, sr. Vicente Cabrera Ortiz, en compa\u00f1\u00eda del equipo de UTP del Colegio visit\u00f3 la sala \u00abHiper Espacio\u00bb es un espacio f\u00edsico de innovaci\u00f3n social en la Universidad Santo Tom\u00e1s, dise\u00f1ado para que estudiantes, acad\u00e9micos y socios comunitarios trabajen en la creaci\u00f3n de soluciones novedosas.<\/p>\n\n\n\n<p>En esta oportunidad fueron recibidos por el acad\u00e9mico Rodrigo Unda quien mostr\u00f3 los implementos de la sala y les explic\u00f3 la forma de trabajo en la sala.<\/p>\n\n\n\n<center><figure class=\"wp-block-image size-large\"><img loading=\"lazy\" decoding=\"async\" width=\"1024\" height=\"1024\" src=\"https:\/\/www.colegiovillanonguen.cl\/wp-content\/uploads\/2025\/10\/IMG-20251030-WA0027-COLLAGE-1024x1024.jpg\" alt=\"\" class=\"wp-image-4105\" srcset=\"https:\/\/www.colegiovillanonguen.cl\/wp-content\/uploads\/2025\/10\/IMG-20251030-WA0027-COLLAGE-1024x1024.jpg 1024w, https:\/\/www.colegiovillanonguen.cl\/wp-content\/uploads\/2025\/10\/IMG-20251030-WA0027-COLLAGE-300x300.jpg 300w, https:\/\/www.colegiovillanonguen.cl\/wp-content\/uploads\/2025\/10\/IMG-20251030-WA0027-COLLAGE-150x150.jpg 150w, https:\/\/www.colegiovillanonguen.cl\/wp-content\/uploads\/2025\/10\/IMG-20251030-WA0027-COLLAGE-768x768.jpg 768w, https:\/\/www.colegiovillanonguen.cl\/wp-content\/uploads\/2025\/10\/IMG-20251030-WA0027-COLLAGE-1536x1536.jpg 1536w, https:\/\/www.colegiovillanonguen.cl\/wp-content\/uploads\/2025\/10\/IMG-20251030-WA0027-COLLAGE-50x50.jpg 50w, https:\/\/www.colegiovillanonguen.cl\/wp-content\/uploads\/2025\/10\/IMG-20251030-WA0027-COLLAGE-80x80.jpg 80w, https:\/\/www.colegiovillanonguen.cl\/wp-content\/uploads\/2025\/10\/IMG-20251030-WA0027-COLLAGE.jpg 1880w\" sizes=\"auto, (max-width: 1024px) 100vw, 1024px\" \/><\/figure><\/center>\n","protected":false},"excerpt":{"rendered":"<p>Estimada Comunidad: el d\u00eda de hoy nuestro Rector, sr. Vicente Cabrera Ortiz, en compa\u00f1\u00eda del equipo de UTP del Colegio visit\u00f3 la sala \u00abHiper Espacio\u00bb es un espacio f\u00edsico de innovaci\u00f3n social en la Universidad Santo Tom\u00e1s, dise\u00f1ado para que estudiantes, acad\u00e9micos y socios comunitarios trabajen en la creaci\u00f3n de soluciones novedosas. En esta oportunidad [&hellip;]<\/p>\n","protected":false},"author":1,"featured_media":4106,"comment_status":"closed","ping_status":"open","sticky":false,"template":"","format":"standard","meta":{"footnotes":""},"categories":[1],"tags":[],"class_list":["post-4104","post","type-post","status-publish","format-standard","has-post-thumbnail","hentry","category-info"],"_links":{"self":[{"href":"https:\/\/www.colegiovillanonguen.cl\/index.php\/wp-json\/wp\/v2\/posts\/4104","targetHints":{"allow":["GET"]}}],"collection":[{"href":"https:\/\/www.colegiovillanonguen.cl\/index.php\/wp-json\/wp\/v2\/posts"}],"about":[{"href":"https:\/\/www.colegiovillanonguen.cl\/index.php\/wp-json\/wp\/v2\/types\/post"}],"author":[{"embeddable":true,"href":"https:\/\/www.colegiovillanonguen.cl\/index.php\/wp-json\/wp\/v2\/users\/1"}],"replies":[{"embeddable":true,"href":"https:\/\/www.colegiovillanonguen.cl\/index.php\/wp-json\/wp\/v2\/comments?post=4104"}],"version-history":[{"count":2,"href":"https:\/\/www.colegiovillanonguen.cl\/index.php\/wp-json\/wp\/v2\/posts\/4104\/revisions"}],"predecessor-version":[{"id":4112,"href":"https:\/\/www.colegiovillanonguen.cl\/index.php\/wp-json\/wp\/v2\/posts\/4104\/revisions\/4112"}],"wp:featuredmedia":[{"embeddable":true,"href":"https:\/\/www.colegiovillanonguen.cl\/index.php\/wp-json\/wp\/v2\/media\/4106"}],"wp:attachment":[{"href":"https:\/\/www.colegiovillanonguen.cl\/index.php\/wp-json\/wp\/v2\/media?parent=4104"}],"wp:term":[{"taxonomy":"category","embeddable":true,"href":"https:\/\/www.colegiovillanonguen.cl\/index.php\/wp-json\/wp\/v2\/categories?post=4104"},{"taxonomy":"post_tag","embeddable":true,"href":"https:\/\/www.colegiovillanonguen.cl\/index.php\/wp-json\/wp\/v2\/tags?post=4104"}],"curies":[{"name":"wp","href":"https:\/\/api.w.org\/{rel}","templated":true}]}}