{"id":4093,"date":"2025-10-30T12:21:52","date_gmt":"2025-10-30T12:21:52","guid":{"rendered":"https:\/\/www.colegiovillanonguen.cl\/?p=4093"},"modified":"2025-11-07T15:15:54","modified_gmt":"2025-11-07T15:15:54","slug":"convenio-cvn-innovacion-ucsc","status":"publish","type":"post","link":"https:\/\/www.colegiovillanonguen.cl\/index.php\/2025\/10\/30\/convenio-cvn-innovacion-ucsc\/","title":{"rendered":"Convenio CVN &#8211; Innovaci\u00f3n UCSC"},"content":{"rendered":"\n<p>Estimada comunidad, en el d\u00eda de ayer se ceelebro la segunda reuni\u00f3n entre nuestra instituci\u00f3n y la direcci\u00f3n de Innovaci\u00f3n de la Universidad Cat\u00f3lica de la Sant\u00edsima Concepci\u00f3n, representada por el Dr. Jorge Espinoza Benavides junto a las profesoras Leticia Amaza y Constanza&nbsp;Delgado, quienes expresaron que la uni\u00f3n entre instituciones permitir\u00e1n, entre otras oportunidades, la consecusi\u00f3n de proyectos e investigaciones en conjunto.<\/p>\n\n\n\n<p>En la ocasi\u00f3n, nuestro Rector, sr. Vicente Cabrera Ortiz, se\u00f1al\u00f3 que la firma de un futuro convenio con la Direcci\u00f3n de Innovaci\u00f3n de la UCSC le permitir\u00e1 a los estudiantes de ambos centros de estudios generar lazos de conocimientos que beneficiar\u00e1n a ambas instituciones.<\/p>\n\n\n\n<center><figure class=\"wp-block-image size-large\"><img loading=\"lazy\" decoding=\"async\" width=\"1024\" height=\"472\" src=\"https:\/\/www.colegiovillanonguen.cl\/wp-content\/uploads\/2025\/10\/20251029_124034-1024x472.jpg\" alt=\"\" class=\"wp-image-4094\" srcset=\"https:\/\/www.colegiovillanonguen.cl\/wp-content\/uploads\/2025\/10\/20251029_124034-1024x472.jpg 1024w, https:\/\/www.colegiovillanonguen.cl\/wp-content\/uploads\/2025\/10\/20251029_124034-300x138.jpg 300w, https:\/\/www.colegiovillanonguen.cl\/wp-content\/uploads\/2025\/10\/20251029_124034-768x354.jpg 768w, https:\/\/www.colegiovillanonguen.cl\/wp-content\/uploads\/2025\/10\/20251029_124034-1536x708.jpg 1536w, https:\/\/www.colegiovillanonguen.cl\/wp-content\/uploads\/2025\/10\/20251029_124034-2048x944.jpg 2048w\" sizes=\"auto, (max-width: 1024px) 100vw, 1024px\" \/><\/figure><\/center>\n","protected":false},"excerpt":{"rendered":"<p>Estimada comunidad, en el d\u00eda de ayer se ceelebro la segunda reuni\u00f3n entre nuestra instituci\u00f3n y la direcci\u00f3n de Innovaci\u00f3n de la Universidad Cat\u00f3lica de la Sant\u00edsima Concepci\u00f3n, representada por el Dr. Jorge Espinoza Benavides junto a las profesoras Leticia Amaza y Constanza&nbsp;Delgado, quienes expresaron que la uni\u00f3n entre instituciones permitir\u00e1n, entre otras oportunidades, la [&hellip;]<\/p>\n","protected":false},"author":1,"featured_media":3718,"comment_status":"closed","ping_status":"open","sticky":false,"template":"","format":"standard","meta":{"footnotes":""},"categories":[1],"tags":[],"class_list":["post-4093","post","type-post","status-publish","format-standard","has-post-thumbnail","hentry","category-info"],"_links":{"self":[{"href":"https:\/\/www.colegiovillanonguen.cl\/index.php\/wp-json\/wp\/v2\/posts\/4093","targetHints":{"allow":["GET"]}}],"collection":[{"href":"https:\/\/www.colegiovillanonguen.cl\/index.php\/wp-json\/wp\/v2\/posts"}],"about":[{"href":"https:\/\/www.colegiovillanonguen.cl\/index.php\/wp-json\/wp\/v2\/types\/post"}],"author":[{"embeddable":true,"href":"https:\/\/www.colegiovillanonguen.cl\/index.php\/wp-json\/wp\/v2\/users\/1"}],"replies":[{"embeddable":true,"href":"https:\/\/www.colegiovillanonguen.cl\/index.php\/wp-json\/wp\/v2\/comments?post=4093"}],"version-history":[{"count":2,"href":"https:\/\/www.colegiovillanonguen.cl\/index.php\/wp-json\/wp\/v2\/posts\/4093\/revisions"}],"predecessor-version":[{"id":4109,"href":"https:\/\/www.colegiovillanonguen.cl\/index.php\/wp-json\/wp\/v2\/posts\/4093\/revisions\/4109"}],"wp:featuredmedia":[{"embeddable":true,"href":"https:\/\/www.colegiovillanonguen.cl\/index.php\/wp-json\/wp\/v2\/media\/3718"}],"wp:attachment":[{"href":"https:\/\/www.colegiovillanonguen.cl\/index.php\/wp-json\/wp\/v2\/media?parent=4093"}],"wp:term":[{"taxonomy":"category","embeddable":true,"href":"https:\/\/www.colegiovillanonguen.cl\/index.php\/wp-json\/wp\/v2\/categories?post=4093"},{"taxonomy":"post_tag","embeddable":true,"href":"https:\/\/www.colegiovillanonguen.cl\/index.php\/wp-json\/wp\/v2\/tags?post=4093"}],"curies":[{"name":"wp","href":"https:\/\/api.w.org\/{rel}","templated":true}]}}