{"id":3831,"date":"2025-06-18T01:42:35","date_gmt":"2025-06-18T01:42:35","guid":{"rendered":"https:\/\/www.colegiovillanonguen.cl\/?p=3831"},"modified":"2025-06-18T12:20:13","modified_gmt":"2025-06-18T12:20:13","slug":"artes-visuales-en-el-cvn","status":"publish","type":"post","link":"https:\/\/www.colegiovillanonguen.cl\/index.php\/2025\/06\/18\/artes-visuales-en-el-cvn\/","title":{"rendered":"Artes Visuales en el CVN"},"content":{"rendered":"\n<p>Durante los meses de mayo y junio se llev\u00f3 a cabo la muestra de la asignatura de Artes Visuales en el hall de nuestro colegio. En esta exposici\u00f3n participaron los estudiantes de 3\u00b0 b\u00e1sico, quienes, junto a su profesora Karla Gonz\u00e1lez, presentaron una colecci\u00f3n de trabajos centrados en los temas del autorretrato y el oto\u00f1o.<\/p>\n\n\n\n<figure class=\"wp-block-image size-large\"><img loading=\"lazy\" decoding=\"async\" width=\"1024\" height=\"506\" src=\"https:\/\/www.colegiovillanonguen.cl\/wp-content\/uploads\/2025\/06\/Autorretr-1024x506.jpg\" alt=\"\" class=\"wp-image-3832\" srcset=\"https:\/\/www.colegiovillanonguen.cl\/wp-content\/uploads\/2025\/06\/Autorretr-1024x506.jpg 1024w, https:\/\/www.colegiovillanonguen.cl\/wp-content\/uploads\/2025\/06\/Autorretr-300x148.jpg 300w, https:\/\/www.colegiovillanonguen.cl\/wp-content\/uploads\/2025\/06\/Autorretr-768x379.jpg 768w, https:\/\/www.colegiovillanonguen.cl\/wp-content\/uploads\/2025\/06\/Autorretr-1536x759.jpg 1536w, https:\/\/www.colegiovillanonguen.cl\/wp-content\/uploads\/2025\/06\/Autorretr-2048x1012.jpg 2048w\" sizes=\"auto, (max-width: 1024px) 100vw, 1024px\" \/><\/figure>\n\n\n\n<p>Los estudiantes de 8\u00b0 b\u00e1sico presentaron una exposici\u00f3n de paisajes en los que trabajaron el uso de la luz y la sombra, destacando su desarrollo t\u00e9cnico y creativo en la asignatura de Artes Visuales.<\/p>\n\n\n\n<figure class=\"wp-block-gallery has-nested-images columns-default is-cropped wp-block-gallery-1 is-layout-flex wp-block-gallery-is-layout-flex\">\n<figure class=\"wp-block-image size-large\"><img loading=\"lazy\" decoding=\"async\" width=\"824\" height=\"1024\" data-id=\"3837\" src=\"https:\/\/www.colegiovillanonguen.cl\/wp-content\/uploads\/2025\/06\/paisaje-1-2-1-824x1024.jpg\" alt=\"\" class=\"wp-image-3837\" srcset=\"https:\/\/www.colegiovillanonguen.cl\/wp-content\/uploads\/2025\/06\/paisaje-1-2-1-824x1024.jpg 824w, https:\/\/www.colegiovillanonguen.cl\/wp-content\/uploads\/2025\/06\/paisaje-1-2-1-242x300.jpg 242w, https:\/\/www.colegiovillanonguen.cl\/wp-content\/uploads\/2025\/06\/paisaje-1-2-1-768x954.jpg 768w, https:\/\/www.colegiovillanonguen.cl\/wp-content\/uploads\/2025\/06\/paisaje-1-2-1-1236x1536.jpg 1236w, https:\/\/www.colegiovillanonguen.cl\/wp-content\/uploads\/2025\/06\/paisaje-1-2-1-1649x2048.jpg 1649w\" sizes=\"auto, (max-width: 824px) 100vw, 824px\" \/><\/figure>\n\n\n\n<figure class=\"wp-block-image size-large\"><img loading=\"lazy\" decoding=\"async\" width=\"549\" height=\"885\" data-id=\"3836\" src=\"https:\/\/www.colegiovillanonguen.cl\/wp-content\/uploads\/2025\/06\/paisaje-3-4-1.jpg\" alt=\"\" class=\"wp-image-3836\" srcset=\"https:\/\/www.colegiovillanonguen.cl\/wp-content\/uploads\/2025\/06\/paisaje-3-4-1.jpg 549w, https:\/\/www.colegiovillanonguen.cl\/wp-content\/uploads\/2025\/06\/paisaje-3-4-1-186x300.jpg 186w\" sizes=\"auto, (max-width: 549px) 100vw, 549px\" \/><\/figure>\n\n\n\n<figure class=\"wp-block-image size-large\"><img loading=\"lazy\" decoding=\"async\" width=\"561\" height=\"885\" data-id=\"3835\" src=\"https:\/\/www.colegiovillanonguen.cl\/wp-content\/uploads\/2025\/06\/paisaje-5-6.jpg\" alt=\"\" class=\"wp-image-3835\" srcset=\"https:\/\/www.colegiovillanonguen.cl\/wp-content\/uploads\/2025\/06\/paisaje-5-6.jpg 561w, https:\/\/www.colegiovillanonguen.cl\/wp-content\/uploads\/2025\/06\/paisaje-5-6-190x300.jpg 190w\" sizes=\"auto, (max-width: 561px) 100vw, 561px\" \/><\/figure>\n<\/figure>\n\n\n\n<p>Los estudiantes de 2\u00b0 medio presentaron una selecci\u00f3n de obras inspiradas en el Arte Na\u00edf, caracterizadas por el uso de colores vibrantes y una expresi\u00f3n art\u00edstica cargada de sencillez e inocencia.<\/p>\n\n\n<div class=\"wp-block-image\">\n<figure class=\"aligncenter size-full\"><img loading=\"lazy\" decoding=\"async\" width=\"480\" height=\"791\" src=\"https:\/\/www.colegiovillanonguen.cl\/wp-content\/uploads\/2025\/06\/Naif.jpg\" alt=\"\" class=\"wp-image-3838\" srcset=\"https:\/\/www.colegiovillanonguen.cl\/wp-content\/uploads\/2025\/06\/Naif.jpg 480w, https:\/\/www.colegiovillanonguen.cl\/wp-content\/uploads\/2025\/06\/Naif-182x300.jpg 182w\" sizes=\"auto, (max-width: 480px) 100vw, 480px\" \/><\/figure>\n<\/div>\n\n\n<p>Adem\u00e1s, los estudiantes de 5\u00b0 b\u00e1sico realizaron un trabajo colectivo inspirado en el estilo del pintor espa\u00f1ol Joan Mir\u00f3, explorando formas abstractas, colores llamativos y la creatividad propia del arte surrealista.<\/p>\n\n\n\n<figure class=\"wp-block-image size-full is-resized\"><img loading=\"lazy\" decoding=\"async\" width=\"593\" height=\"301\" src=\"https:\/\/www.colegiovillanonguen.cl\/wp-content\/uploads\/2025\/06\/miro1.png\" alt=\"\" class=\"wp-image-3842\" style=\"width:840px;height:auto\" srcset=\"https:\/\/www.colegiovillanonguen.cl\/wp-content\/uploads\/2025\/06\/miro1.png 593w, https:\/\/www.colegiovillanonguen.cl\/wp-content\/uploads\/2025\/06\/miro1-300x152.png 300w\" sizes=\"auto, (max-width: 593px) 100vw, 593px\" \/><\/figure>\n\n\n\n<figure class=\"wp-block-gallery has-nested-images columns-default is-cropped wp-block-gallery-2 is-layout-flex wp-block-gallery-is-layout-flex\">\n<figure class=\"wp-block-image size-large\"><img loading=\"lazy\" decoding=\"async\" width=\"1024\" height=\"357\" data-id=\"3840\" src=\"https:\/\/www.colegiovillanonguen.cl\/wp-content\/uploads\/2025\/06\/Miro-3-1024x357.jpg\" alt=\"\" class=\"wp-image-3840\" srcset=\"https:\/\/www.colegiovillanonguen.cl\/wp-content\/uploads\/2025\/06\/Miro-3-1024x357.jpg 1024w, https:\/\/www.colegiovillanonguen.cl\/wp-content\/uploads\/2025\/06\/Miro-3-300x105.jpg 300w, https:\/\/www.colegiovillanonguen.cl\/wp-content\/uploads\/2025\/06\/Miro-3-768x268.jpg 768w, https:\/\/www.colegiovillanonguen.cl\/wp-content\/uploads\/2025\/06\/Miro-3.jpg 1125w\" sizes=\"auto, (max-width: 1024px) 100vw, 1024px\" \/><\/figure>\n<\/figure>\n\n\n\n<figure class=\"wp-block-image size-full is-resized\"><img loading=\"lazy\" decoding=\"async\" width=\"640\" height=\"407\" src=\"https:\/\/www.colegiovillanonguen.cl\/wp-content\/uploads\/2025\/06\/Miro-2-1.jpg\" alt=\"\" class=\"wp-image-3841\" style=\"width:814px;height:auto\" srcset=\"https:\/\/www.colegiovillanonguen.cl\/wp-content\/uploads\/2025\/06\/Miro-2-1.jpg 640w, https:\/\/www.colegiovillanonguen.cl\/wp-content\/uploads\/2025\/06\/Miro-2-1-300x191.jpg 300w\" sizes=\"auto, (max-width: 640px) 100vw, 640px\" \/><\/figure>\n\n\n\n<p>Una vez m\u00e1s, los estudiantes de 2\u00b0 medio Pablo Orellana, Paz Cifuentes, Emilia Nova, Milenka Riffo, Victoria G\u00e1lvez y Evelyn Lara dejan una huella en nuestro colegio, demostrando su gran talento art\u00edstico. En esta ocasi\u00f3n, presentaron un tr\u00edptico inspirado en la obra <em>La noche estrellada<\/em> de Vincent van Gogh, el cual pronto ser\u00e1 ubicado en un espacio definitivo dentro del establecimiento.<\/p>\n\n\n\n<figure class=\"wp-block-image size-large\"><img loading=\"lazy\" decoding=\"async\" width=\"1024\" height=\"604\" src=\"https:\/\/www.colegiovillanonguen.cl\/wp-content\/uploads\/2025\/06\/Triptico-1024x604.jpg\" alt=\"\" class=\"wp-image-3843\" srcset=\"https:\/\/www.colegiovillanonguen.cl\/wp-content\/uploads\/2025\/06\/Triptico-1024x604.jpg 1024w, https:\/\/www.colegiovillanonguen.cl\/wp-content\/uploads\/2025\/06\/Triptico-300x177.jpg 300w, https:\/\/www.colegiovillanonguen.cl\/wp-content\/uploads\/2025\/06\/Triptico-768x453.jpg 768w, https:\/\/www.colegiovillanonguen.cl\/wp-content\/uploads\/2025\/06\/Triptico.jpg 1029w\" sizes=\"auto, (max-width: 1024px) 100vw, 1024px\" \/><\/figure>\n\n\n\n<p>La actividad culmin\u00f3 con una visita a la Pinacoteca de la Universidad de Concepci\u00f3n por parte de los estudiantes de 6\u00b0 b\u00e1sico y 2\u00b0 medio. Durante el recorrido, pudieron apreciar el mural <em>Presencia de Am\u00e9rica Latina<\/em> del artista Jorge Gonz\u00e1lez Camarena, adem\u00e1s de conocer y reflexionar sobre otras exposiciones presentes en el espacio cultural.<\/p>\n\n\n\n<figure class=\"wp-block-image size-large\"><img loading=\"lazy\" decoding=\"async\" width=\"1024\" height=\"768\" src=\"https:\/\/www.colegiovillanonguen.cl\/wp-content\/uploads\/2025\/06\/Pinacot-1-1024x768.jpg\" alt=\"\" class=\"wp-image-3844\" srcset=\"https:\/\/www.colegiovillanonguen.cl\/wp-content\/uploads\/2025\/06\/Pinacot-1-1024x768.jpg 1024w, https:\/\/www.colegiovillanonguen.cl\/wp-content\/uploads\/2025\/06\/Pinacot-1-300x225.jpg 300w, https:\/\/www.colegiovillanonguen.cl\/wp-content\/uploads\/2025\/06\/Pinacot-1-768x576.jpg 768w, https:\/\/www.colegiovillanonguen.cl\/wp-content\/uploads\/2025\/06\/Pinacot-1-400x300.jpg 400w, https:\/\/www.colegiovillanonguen.cl\/wp-content\/uploads\/2025\/06\/Pinacot-1.jpg 1180w\" sizes=\"auto, (max-width: 1024px) 100vw, 1024px\" \/><\/figure>\n\n\n\n<figure class=\"wp-block-image size-large\"><img loading=\"lazy\" decoding=\"async\" width=\"1024\" height=\"768\" src=\"https:\/\/www.colegiovillanonguen.cl\/wp-content\/uploads\/2025\/06\/Pinacoteca-6\u00b0-1024x768.jpg\" alt=\"\" class=\"wp-image-3845\" srcset=\"https:\/\/www.colegiovillanonguen.cl\/wp-content\/uploads\/2025\/06\/Pinacoteca-6\u00b0-1024x768.jpg 1024w, https:\/\/www.colegiovillanonguen.cl\/wp-content\/uploads\/2025\/06\/Pinacoteca-6\u00b0-300x225.jpg 300w, https:\/\/www.colegiovillanonguen.cl\/wp-content\/uploads\/2025\/06\/Pinacoteca-6\u00b0-768x576.jpg 768w, https:\/\/www.colegiovillanonguen.cl\/wp-content\/uploads\/2025\/06\/Pinacoteca-6\u00b0-400x300.jpg 400w, https:\/\/www.colegiovillanonguen.cl\/wp-content\/uploads\/2025\/06\/Pinacoteca-6\u00b0.jpg 1180w\" sizes=\"auto, (max-width: 1024px) 100vw, 1024px\" \/><\/figure>\n\n\n\n<figure class=\"wp-block-gallery has-nested-images columns-default is-cropped wp-block-gallery-3 is-layout-flex wp-block-gallery-is-layout-flex\">\n<figure class=\"wp-block-image size-large\"><img loading=\"lazy\" decoding=\"async\" width=\"1024\" height=\"768\" data-id=\"3846\" src=\"https:\/\/www.colegiovillanonguen.cl\/wp-content\/uploads\/2025\/06\/Mirando-expo-1024x768.jpg\" alt=\"\" class=\"wp-image-3846\" srcset=\"https:\/\/www.colegiovillanonguen.cl\/wp-content\/uploads\/2025\/06\/Mirando-expo-1024x768.jpg 1024w, https:\/\/www.colegiovillanonguen.cl\/wp-content\/uploads\/2025\/06\/Mirando-expo-300x225.jpg 300w, https:\/\/www.colegiovillanonguen.cl\/wp-content\/uploads\/2025\/06\/Mirando-expo-768x576.jpg 768w, https:\/\/www.colegiovillanonguen.cl\/wp-content\/uploads\/2025\/06\/Mirando-expo-400x300.jpg 400w, https:\/\/www.colegiovillanonguen.cl\/wp-content\/uploads\/2025\/06\/Mirando-expo.jpg 1180w\" sizes=\"auto, (max-width: 1024px) 100vw, 1024px\" \/><\/figure>\n\n\n\n<figure class=\"wp-block-image size-large\"><img loading=\"lazy\" decoding=\"async\" width=\"1024\" height=\"768\" data-id=\"3847\" src=\"https:\/\/www.colegiovillanonguen.cl\/wp-content\/uploads\/2025\/06\/Mirando-1024x768.jpg\" alt=\"\" class=\"wp-image-3847\" srcset=\"https:\/\/www.colegiovillanonguen.cl\/wp-content\/uploads\/2025\/06\/Mirando-1024x768.jpg 1024w, https:\/\/www.colegiovillanonguen.cl\/wp-content\/uploads\/2025\/06\/Mirando-300x225.jpg 300w, https:\/\/www.colegiovillanonguen.cl\/wp-content\/uploads\/2025\/06\/Mirando-768x576.jpg 768w, https:\/\/www.colegiovillanonguen.cl\/wp-content\/uploads\/2025\/06\/Mirando-1536x1152.jpg 1536w, https:\/\/www.colegiovillanonguen.cl\/wp-content\/uploads\/2025\/06\/Mirando-2048x1536.jpg 2048w, https:\/\/www.colegiovillanonguen.cl\/wp-content\/uploads\/2025\/06\/Mirando-400x300.jpg 400w\" sizes=\"auto, (max-width: 1024px) 100vw, 1024px\" \/><\/figure>\n<\/figure>\n\n\n\n<figure class=\"wp-block-image size-large\"><img loading=\"lazy\" decoding=\"async\" width=\"1024\" height=\"582\" src=\"https:\/\/www.colegiovillanonguen.cl\/wp-content\/uploads\/2025\/06\/Preguntas-6\u00b0-1024x582.jpg\" alt=\"\" class=\"wp-image-3848\" srcset=\"https:\/\/www.colegiovillanonguen.cl\/wp-content\/uploads\/2025\/06\/Preguntas-6\u00b0-1024x582.jpg 1024w, https:\/\/www.colegiovillanonguen.cl\/wp-content\/uploads\/2025\/06\/Preguntas-6\u00b0-300x171.jpg 300w, https:\/\/www.colegiovillanonguen.cl\/wp-content\/uploads\/2025\/06\/Preguntas-6\u00b0-768x437.jpg 768w, https:\/\/www.colegiovillanonguen.cl\/wp-content\/uploads\/2025\/06\/Preguntas-6\u00b0.jpg 1180w\" sizes=\"auto, (max-width: 1024px) 100vw, 1024px\" \/><\/figure>\n\n\n\n<p class=\"has-text-align-center\">Claudia Hinayado Rozas<br>Profesora de Artes Visuales<\/p>\n","protected":false},"excerpt":{"rendered":"<p>Durante los meses de mayo y junio se llev\u00f3 a cabo la muestra de la asignatura de Artes Visuales en el hall de nuestro colegio. En esta exposici\u00f3n participaron los estudiantes de 3\u00b0 b\u00e1sico, quienes, junto a su profesora Karla Gonz\u00e1lez, presentaron una colecci\u00f3n de trabajos centrados en los temas del autorretrato y el oto\u00f1o. [&hellip;]<\/p>\n","protected":false},"author":1,"featured_media":3840,"comment_status":"closed","ping_status":"open","sticky":false,"template":"","format":"standard","meta":{"footnotes":""},"categories":[1],"tags":[],"class_list":["post-3831","post","type-post","status-publish","format-standard","has-post-thumbnail","hentry","category-info"],"_links":{"self":[{"href":"https:\/\/www.colegiovillanonguen.cl\/index.php\/wp-json\/wp\/v2\/posts\/3831","targetHints":{"allow":["GET"]}}],"collection":[{"href":"https:\/\/www.colegiovillanonguen.cl\/index.php\/wp-json\/wp\/v2\/posts"}],"about":[{"href":"https:\/\/www.colegiovillanonguen.cl\/index.php\/wp-json\/wp\/v2\/types\/post"}],"author":[{"embeddable":true,"href":"https:\/\/www.colegiovillanonguen.cl\/index.php\/wp-json\/wp\/v2\/users\/1"}],"replies":[{"embeddable":true,"href":"https:\/\/www.colegiovillanonguen.cl\/index.php\/wp-json\/wp\/v2\/comments?post=3831"}],"version-history":[{"count":2,"href":"https:\/\/www.colegiovillanonguen.cl\/index.php\/wp-json\/wp\/v2\/posts\/3831\/revisions"}],"predecessor-version":[{"id":3864,"href":"https:\/\/www.colegiovillanonguen.cl\/index.php\/wp-json\/wp\/v2\/posts\/3831\/revisions\/3864"}],"wp:featuredmedia":[{"embeddable":true,"href":"https:\/\/www.colegiovillanonguen.cl\/index.php\/wp-json\/wp\/v2\/media\/3840"}],"wp:attachment":[{"href":"https:\/\/www.colegiovillanonguen.cl\/index.php\/wp-json\/wp\/v2\/media?parent=3831"}],"wp:term":[{"taxonomy":"category","embeddable":true,"href":"https:\/\/www.colegiovillanonguen.cl\/index.php\/wp-json\/wp\/v2\/categories?post=3831"},{"taxonomy":"post_tag","embeddable":true,"href":"https:\/\/www.colegiovillanonguen.cl\/index.php\/wp-json\/wp\/v2\/tags?post=3831"}],"curies":[{"name":"wp","href":"https:\/\/api.w.org\/{rel}","templated":true}]}}