{"id":3819,"date":"2025-06-16T17:39:25","date_gmt":"2025-06-16T17:39:25","guid":{"rendered":"https:\/\/www.colegiovillanonguen.cl\/?p=3819"},"modified":"2025-06-17T17:41:37","modified_gmt":"2025-06-17T17:41:37","slug":"feria-universitaria-de-nonguen-al-futuro-2025","status":"publish","type":"post","link":"https:\/\/www.colegiovillanonguen.cl\/index.php\/2025\/06\/16\/feria-universitaria-de-nonguen-al-futuro-2025\/","title":{"rendered":"Feria Universitaria \u201cDe Nongu\u00e9n al Futuro 2025\u201d."},"content":{"rendered":"\n<p>Hoy, 16 de junio, nuestro colegio fue el escenario de la feria vocacional \u201cDe Nongu\u00e9n al Futuro\u201d, una instancia especialmente dise\u00f1ada para acompa\u00f1ar a los estudiantes de 1\u00b0 a 4\u00b0 medio en la exploraci\u00f3n de su futuro. La actividad reuni\u00f3 a universidades, centros de formaci\u00f3n t\u00e9cnica, ramas de las fuerzas armadas e instituciones externas, que ofrecieron orientaci\u00f3n y recursos valiosos para los j\u00f3venes.<\/p>\n\n\n\n<p>Cada entidad participante instal\u00f3 un stand informativo, donde los estudiantes pudieron interactuar directamente con representantes, conocer las distintas alternativas de estudio y formaci\u00f3n, y resolver dudas sobre becas, postulaciones y vida estudiantil. Adem\u00e1s, se desarrollaron charlas que abordaron temas como vocaci\u00f3n, elecci\u00f3n de carrera y salud mental.<\/p>\n\n\n\n<p>La feria fue un \u00e9xito en t\u00e9rminos de participaci\u00f3n y entusiasmo. Estudiantes de todos los niveles medios recorrieron con inter\u00e9s cada stand, demostrando una actitud activa y reflexiva frente a su futuro. \u201cDe Nongu\u00e9n al Futuro\u201d se consolida as\u00ed como una experiencia educativa significativa, que fortalece la orientaci\u00f3n vocacional y contribuye al desarrollo integral de nuestros&nbsp;estudiantes.<\/p>\n\n\n\n<figure class=\"wp-block-gallery has-nested-images columns-default is-cropped wp-block-gallery-1 is-layout-flex wp-block-gallery-is-layout-flex\">\n<figure class=\"wp-block-image size-large\"><img loading=\"lazy\" decoding=\"async\" width=\"1024\" height=\"768\" data-id=\"3820\" src=\"https:\/\/www.colegiovillanonguen.cl\/wp-content\/uploads\/2025\/06\/IMG-20250616-WA0022-1024x768.jpg\" alt=\"\" class=\"wp-image-3820\" srcset=\"https:\/\/www.colegiovillanonguen.cl\/wp-content\/uploads\/2025\/06\/IMG-20250616-WA0022-1024x768.jpg 1024w, https:\/\/www.colegiovillanonguen.cl\/wp-content\/uploads\/2025\/06\/IMG-20250616-WA0022-300x225.jpg 300w, https:\/\/www.colegiovillanonguen.cl\/wp-content\/uploads\/2025\/06\/IMG-20250616-WA0022-768x576.jpg 768w, https:\/\/www.colegiovillanonguen.cl\/wp-content\/uploads\/2025\/06\/IMG-20250616-WA0022-1536x1152.jpg 1536w, https:\/\/www.colegiovillanonguen.cl\/wp-content\/uploads\/2025\/06\/IMG-20250616-WA0022-400x300.jpg 400w, https:\/\/www.colegiovillanonguen.cl\/wp-content\/uploads\/2025\/06\/IMG-20250616-WA0022.jpg 1600w\" sizes=\"auto, (max-width: 1024px) 100vw, 1024px\" \/><\/figure>\n\n\n\n<figure class=\"wp-block-image size-large\"><img loading=\"lazy\" decoding=\"async\" width=\"1024\" height=\"768\" data-id=\"3824\" src=\"https:\/\/www.colegiovillanonguen.cl\/wp-content\/uploads\/2025\/06\/IMG-20250616-WA0023-1024x768.jpg\" alt=\"\" class=\"wp-image-3824\" srcset=\"https:\/\/www.colegiovillanonguen.cl\/wp-content\/uploads\/2025\/06\/IMG-20250616-WA0023-1024x768.jpg 1024w, https:\/\/www.colegiovillanonguen.cl\/wp-content\/uploads\/2025\/06\/IMG-20250616-WA0023-300x225.jpg 300w, https:\/\/www.colegiovillanonguen.cl\/wp-content\/uploads\/2025\/06\/IMG-20250616-WA0023-768x576.jpg 768w, https:\/\/www.colegiovillanonguen.cl\/wp-content\/uploads\/2025\/06\/IMG-20250616-WA0023-1536x1152.jpg 1536w, https:\/\/www.colegiovillanonguen.cl\/wp-content\/uploads\/2025\/06\/IMG-20250616-WA0023-400x300.jpg 400w, https:\/\/www.colegiovillanonguen.cl\/wp-content\/uploads\/2025\/06\/IMG-20250616-WA0023.jpg 1600w\" sizes=\"auto, (max-width: 1024px) 100vw, 1024px\" \/><\/figure>\n\n\n\n<figure class=\"wp-block-image size-large\"><img loading=\"lazy\" decoding=\"async\" width=\"1024\" height=\"768\" data-id=\"3822\" src=\"https:\/\/www.colegiovillanonguen.cl\/wp-content\/uploads\/2025\/06\/IMG-20250616-WA0024-1024x768.jpg\" alt=\"\" class=\"wp-image-3822\" srcset=\"https:\/\/www.colegiovillanonguen.cl\/wp-content\/uploads\/2025\/06\/IMG-20250616-WA0024-1024x768.jpg 1024w, https:\/\/www.colegiovillanonguen.cl\/wp-content\/uploads\/2025\/06\/IMG-20250616-WA0024-300x225.jpg 300w, https:\/\/www.colegiovillanonguen.cl\/wp-content\/uploads\/2025\/06\/IMG-20250616-WA0024-768x576.jpg 768w, https:\/\/www.colegiovillanonguen.cl\/wp-content\/uploads\/2025\/06\/IMG-20250616-WA0024-1536x1152.jpg 1536w, https:\/\/www.colegiovillanonguen.cl\/wp-content\/uploads\/2025\/06\/IMG-20250616-WA0024-400x300.jpg 400w, https:\/\/www.colegiovillanonguen.cl\/wp-content\/uploads\/2025\/06\/IMG-20250616-WA0024.jpg 1600w\" sizes=\"auto, (max-width: 1024px) 100vw, 1024px\" \/><\/figure>\n\n\n\n<figure class=\"wp-block-image size-large\"><img loading=\"lazy\" decoding=\"async\" width=\"1024\" height=\"768\" data-id=\"3823\" src=\"https:\/\/www.colegiovillanonguen.cl\/wp-content\/uploads\/2025\/06\/IMG-20250616-WA0029-1024x768.jpg\" alt=\"\" class=\"wp-image-3823\" srcset=\"https:\/\/www.colegiovillanonguen.cl\/wp-content\/uploads\/2025\/06\/IMG-20250616-WA0029-1024x768.jpg 1024w, https:\/\/www.colegiovillanonguen.cl\/wp-content\/uploads\/2025\/06\/IMG-20250616-WA0029-300x225.jpg 300w, https:\/\/www.colegiovillanonguen.cl\/wp-content\/uploads\/2025\/06\/IMG-20250616-WA0029-768x576.jpg 768w, https:\/\/www.colegiovillanonguen.cl\/wp-content\/uploads\/2025\/06\/IMG-20250616-WA0029-1536x1152.jpg 1536w, https:\/\/www.colegiovillanonguen.cl\/wp-content\/uploads\/2025\/06\/IMG-20250616-WA0029-400x300.jpg 400w, https:\/\/www.colegiovillanonguen.cl\/wp-content\/uploads\/2025\/06\/IMG-20250616-WA0029.jpg 1600w\" sizes=\"auto, (max-width: 1024px) 100vw, 1024px\" \/><\/figure>\n\n\n\n<figure class=\"wp-block-image size-large\"><img loading=\"lazy\" decoding=\"async\" width=\"1024\" height=\"768\" data-id=\"3821\" src=\"https:\/\/www.colegiovillanonguen.cl\/wp-content\/uploads\/2025\/06\/IMG-20250616-WA0030-1024x768.jpg\" alt=\"\" class=\"wp-image-3821\" srcset=\"https:\/\/www.colegiovillanonguen.cl\/wp-content\/uploads\/2025\/06\/IMG-20250616-WA0030-1024x768.jpg 1024w, https:\/\/www.colegiovillanonguen.cl\/wp-content\/uploads\/2025\/06\/IMG-20250616-WA0030-300x225.jpg 300w, https:\/\/www.colegiovillanonguen.cl\/wp-content\/uploads\/2025\/06\/IMG-20250616-WA0030-768x576.jpg 768w, https:\/\/www.colegiovillanonguen.cl\/wp-content\/uploads\/2025\/06\/IMG-20250616-WA0030-1536x1152.jpg 1536w, https:\/\/www.colegiovillanonguen.cl\/wp-content\/uploads\/2025\/06\/IMG-20250616-WA0030-400x300.jpg 400w, https:\/\/www.colegiovillanonguen.cl\/wp-content\/uploads\/2025\/06\/IMG-20250616-WA0030.jpg 1600w\" sizes=\"auto, (max-width: 1024px) 100vw, 1024px\" \/><\/figure>\n\n\n\n<figure class=\"wp-block-image size-large\"><img loading=\"lazy\" decoding=\"async\" width=\"1024\" height=\"768\" data-id=\"3825\" src=\"https:\/\/www.colegiovillanonguen.cl\/wp-content\/uploads\/2025\/06\/IMG-20250616-WA0031-1024x768.jpg\" alt=\"\" class=\"wp-image-3825\" srcset=\"https:\/\/www.colegiovillanonguen.cl\/wp-content\/uploads\/2025\/06\/IMG-20250616-WA0031-1024x768.jpg 1024w, https:\/\/www.colegiovillanonguen.cl\/wp-content\/uploads\/2025\/06\/IMG-20250616-WA0031-300x225.jpg 300w, https:\/\/www.colegiovillanonguen.cl\/wp-content\/uploads\/2025\/06\/IMG-20250616-WA0031-768x576.jpg 768w, https:\/\/www.colegiovillanonguen.cl\/wp-content\/uploads\/2025\/06\/IMG-20250616-WA0031-1536x1152.jpg 1536w, https:\/\/www.colegiovillanonguen.cl\/wp-content\/uploads\/2025\/06\/IMG-20250616-WA0031-400x300.jpg 400w, https:\/\/www.colegiovillanonguen.cl\/wp-content\/uploads\/2025\/06\/IMG-20250616-WA0031.jpg 1600w\" sizes=\"auto, (max-width: 1024px) 100vw, 1024px\" \/><\/figure>\n\n\n\n<figure class=\"wp-block-image size-large\"><img loading=\"lazy\" decoding=\"async\" width=\"1024\" height=\"768\" data-id=\"3827\" src=\"https:\/\/www.colegiovillanonguen.cl\/wp-content\/uploads\/2025\/06\/IMG-20250616-WA0033-1024x768.jpg\" alt=\"\" class=\"wp-image-3827\" srcset=\"https:\/\/www.colegiovillanonguen.cl\/wp-content\/uploads\/2025\/06\/IMG-20250616-WA0033-1024x768.jpg 1024w, https:\/\/www.colegiovillanonguen.cl\/wp-content\/uploads\/2025\/06\/IMG-20250616-WA0033-300x225.jpg 300w, https:\/\/www.colegiovillanonguen.cl\/wp-content\/uploads\/2025\/06\/IMG-20250616-WA0033-768x576.jpg 768w, https:\/\/www.colegiovillanonguen.cl\/wp-content\/uploads\/2025\/06\/IMG-20250616-WA0033-1536x1152.jpg 1536w, https:\/\/www.colegiovillanonguen.cl\/wp-content\/uploads\/2025\/06\/IMG-20250616-WA0033-400x300.jpg 400w, https:\/\/www.colegiovillanonguen.cl\/wp-content\/uploads\/2025\/06\/IMG-20250616-WA0033.jpg 1600w\" sizes=\"auto, (max-width: 1024px) 100vw, 1024px\" \/><\/figure>\n\n\n\n<figure class=\"wp-block-image size-large\"><img loading=\"lazy\" decoding=\"async\" width=\"1024\" height=\"768\" data-id=\"3826\" src=\"https:\/\/www.colegiovillanonguen.cl\/wp-content\/uploads\/2025\/06\/IMG-20250616-WA0036-1024x768.jpg\" alt=\"\" class=\"wp-image-3826\" srcset=\"https:\/\/www.colegiovillanonguen.cl\/wp-content\/uploads\/2025\/06\/IMG-20250616-WA0036-1024x768.jpg 1024w, https:\/\/www.colegiovillanonguen.cl\/wp-content\/uploads\/2025\/06\/IMG-20250616-WA0036-300x225.jpg 300w, https:\/\/www.colegiovillanonguen.cl\/wp-content\/uploads\/2025\/06\/IMG-20250616-WA0036-768x576.jpg 768w, https:\/\/www.colegiovillanonguen.cl\/wp-content\/uploads\/2025\/06\/IMG-20250616-WA0036-1536x1152.jpg 1536w, https:\/\/www.colegiovillanonguen.cl\/wp-content\/uploads\/2025\/06\/IMG-20250616-WA0036-400x300.jpg 400w, https:\/\/www.colegiovillanonguen.cl\/wp-content\/uploads\/2025\/06\/IMG-20250616-WA0036.jpg 1600w\" sizes=\"auto, (max-width: 1024px) 100vw, 1024px\" \/><\/figure>\n\n\n\n<figure class=\"wp-block-image size-large\"><img loading=\"lazy\" decoding=\"async\" width=\"1024\" height=\"768\" data-id=\"3829\" src=\"https:\/\/www.colegiovillanonguen.cl\/wp-content\/uploads\/2025\/06\/IMG-20250616-WA0038-1024x768.jpg\" alt=\"\" class=\"wp-image-3829\" srcset=\"https:\/\/www.colegiovillanonguen.cl\/wp-content\/uploads\/2025\/06\/IMG-20250616-WA0038-1024x768.jpg 1024w, https:\/\/www.colegiovillanonguen.cl\/wp-content\/uploads\/2025\/06\/IMG-20250616-WA0038-300x225.jpg 300w, https:\/\/www.colegiovillanonguen.cl\/wp-content\/uploads\/2025\/06\/IMG-20250616-WA0038-768x576.jpg 768w, https:\/\/www.colegiovillanonguen.cl\/wp-content\/uploads\/2025\/06\/IMG-20250616-WA0038-1536x1152.jpg 1536w, https:\/\/www.colegiovillanonguen.cl\/wp-content\/uploads\/2025\/06\/IMG-20250616-WA0038-400x300.jpg 400w, https:\/\/www.colegiovillanonguen.cl\/wp-content\/uploads\/2025\/06\/IMG-20250616-WA0038.jpg 1600w\" sizes=\"auto, (max-width: 1024px) 100vw, 1024px\" \/><\/figure>\n\n\n\n<figure class=\"wp-block-image size-large\"><img loading=\"lazy\" decoding=\"async\" width=\"1024\" height=\"768\" data-id=\"3828\" src=\"https:\/\/www.colegiovillanonguen.cl\/wp-content\/uploads\/2025\/06\/IMG-20250616-WA0043-1024x768.jpg\" alt=\"\" class=\"wp-image-3828\" srcset=\"https:\/\/www.colegiovillanonguen.cl\/wp-content\/uploads\/2025\/06\/IMG-20250616-WA0043-1024x768.jpg 1024w, https:\/\/www.colegiovillanonguen.cl\/wp-content\/uploads\/2025\/06\/IMG-20250616-WA0043-300x225.jpg 300w, https:\/\/www.colegiovillanonguen.cl\/wp-content\/uploads\/2025\/06\/IMG-20250616-WA0043-768x576.jpg 768w, https:\/\/www.colegiovillanonguen.cl\/wp-content\/uploads\/2025\/06\/IMG-20250616-WA0043-1536x1152.jpg 1536w, https:\/\/www.colegiovillanonguen.cl\/wp-content\/uploads\/2025\/06\/IMG-20250616-WA0043-400x300.jpg 400w, https:\/\/www.colegiovillanonguen.cl\/wp-content\/uploads\/2025\/06\/IMG-20250616-WA0043.jpg 1600w\" sizes=\"auto, (max-width: 1024px) 100vw, 1024px\" \/><\/figure>\n<\/figure>\n","protected":false},"excerpt":{"rendered":"<p>Hoy, 16 de junio, nuestro colegio fue el escenario de la feria vocacional \u201cDe Nongu\u00e9n al Futuro\u201d, una instancia especialmente dise\u00f1ada para acompa\u00f1ar a los estudiantes de 1\u00b0 a 4\u00b0 medio en la exploraci\u00f3n de su futuro. La actividad reuni\u00f3 a universidades, centros de formaci\u00f3n t\u00e9cnica, ramas de las fuerzas armadas e instituciones externas, que [&hellip;]<\/p>\n","protected":false},"author":1,"featured_media":3718,"comment_status":"closed","ping_status":"open","sticky":false,"template":"","format":"standard","meta":{"footnotes":""},"categories":[1],"tags":[],"class_list":["post-3819","post","type-post","status-publish","format-standard","has-post-thumbnail","hentry","category-info"],"_links":{"self":[{"href":"https:\/\/www.colegiovillanonguen.cl\/index.php\/wp-json\/wp\/v2\/posts\/3819","targetHints":{"allow":["GET"]}}],"collection":[{"href":"https:\/\/www.colegiovillanonguen.cl\/index.php\/wp-json\/wp\/v2\/posts"}],"about":[{"href":"https:\/\/www.colegiovillanonguen.cl\/index.php\/wp-json\/wp\/v2\/types\/post"}],"author":[{"embeddable":true,"href":"https:\/\/www.colegiovillanonguen.cl\/index.php\/wp-json\/wp\/v2\/users\/1"}],"replies":[{"embeddable":true,"href":"https:\/\/www.colegiovillanonguen.cl\/index.php\/wp-json\/wp\/v2\/comments?post=3819"}],"version-history":[{"count":1,"href":"https:\/\/www.colegiovillanonguen.cl\/index.php\/wp-json\/wp\/v2\/posts\/3819\/revisions"}],"predecessor-version":[{"id":3830,"href":"https:\/\/www.colegiovillanonguen.cl\/index.php\/wp-json\/wp\/v2\/posts\/3819\/revisions\/3830"}],"wp:featuredmedia":[{"embeddable":true,"href":"https:\/\/www.colegiovillanonguen.cl\/index.php\/wp-json\/wp\/v2\/media\/3718"}],"wp:attachment":[{"href":"https:\/\/www.colegiovillanonguen.cl\/index.php\/wp-json\/wp\/v2\/media?parent=3819"}],"wp:term":[{"taxonomy":"category","embeddable":true,"href":"https:\/\/www.colegiovillanonguen.cl\/index.php\/wp-json\/wp\/v2\/categories?post=3819"},{"taxonomy":"post_tag","embeddable":true,"href":"https:\/\/www.colegiovillanonguen.cl\/index.php\/wp-json\/wp\/v2\/tags?post=3819"}],"curies":[{"name":"wp","href":"https:\/\/api.w.org\/{rel}","templated":true}]}}