{"id":3789,"date":"2025-05-26T13:54:00","date_gmt":"2025-05-26T13:54:00","guid":{"rendered":"https:\/\/www.colegiovillanonguen.cl\/?p=3789"},"modified":"2025-05-28T19:35:20","modified_gmt":"2025-05-28T19:35:20","slug":"banda-de-la-armada-en-el-cvn","status":"publish","type":"post","link":"https:\/\/www.colegiovillanonguen.cl\/index.php\/2025\/05\/26\/banda-de-la-armada-en-el-cvn\/","title":{"rendered":"Banda de la Armada en el CVN"},"content":{"rendered":"\n<p>Estimada Comunidad: Con motivo de la conmemoraci\u00f3n del&nbsp;<strong>\u00abMes del Mar\u00bb<\/strong>&nbsp;y las&nbsp;<strong>\u00abGlorias Navales\u00bb<\/strong>&nbsp;, nuestra instituci\u00f3n educativa tuvo el placer de recibir a la&nbsp;<strong>Banda Instrumental de la Segunda Zona Naval de Talcahuano<\/strong>. Bajo la direcci\u00f3n del Suboficial Roberto Rivas y con la participaci\u00f3n de&nbsp;<strong>19 m\u00fasicos<\/strong>&nbsp;, esta actividad enriqueci\u00f3 la experiencia de nuestros estudiantes. Adem\u00e1s, reforz\u00f3 el profundo significado c\u00edvico y cultural de estas fechas, contribuyendo de manera invaluable a la formaci\u00f3n val\u00f3rica y al fomento del esp\u00edritu patri\u00f3tico.<\/p>\n\n\n\n<p>El carisma de la banda, junto a la diversidad de ritmos de distintas \u00e9pocas, cautiv\u00f3 y anim\u00f3 a todos los presentes. Estudiantes, docentes y asistentes de la educaci\u00f3n no dudaron en bailar y ovacionar a los m\u00fasicos al finalizar cada pieza.<\/p>\n\n\n\n<p>Expresamos nuestro m\u00e1s sincero agradecimiento a toda la comunidad educativa por su favorable acogida, ya la banda por su generosa participaci\u00f3n. Gracias a ellos, los estudiantes de Villa Nongu\u00e9n vivieron una experiencia memorable y altamente educativa, arraigada en las trascendentales tradiciones navales de nuestra naci\u00f3n.<\/p>\n\n\n\n<div style=\"position: relative; width: 100%; height: 0; padding-top: 47.3684%;\n padding-bottom: 0; box-shadow: 0 2px 8px 0 rgba(63,69,81,0.16); margin-top: 1.6em; margin-bottom: 0.9em; overflow: hidden;\n border-radius: 8px; will-change: transform;\">\n  <iframe loading=\"lazy\" style=\"position: absolute; width: 100%; height: 100%; top: 0; left: 0; border: none; padding: 0;margin: 0;\"\n    src=\"https:\/\/www.canva.com\/design\/DAGovmGsnhk\/TuddOlX38qdvvaUOgws8ww\/watch?embed\" allowfullscreen=\"allowfullscreen\" allow=\"fullscreen\">\n  <\/iframe>\n<\/div>\n<a href=\"https:&#x2F;&#x2F;www.canva.com&#x2F;design&#x2F;DAGovmGsnhk&#x2F;TuddOlX38qdvvaUOgws8ww&#x2F;watch?utm_content=DAGovmGsnhk&amp;utm_campaign=designshare&amp;utm_medium=embeds&amp;utm_source=link\" target=\"_blank\" rel=\"noopener\">\n","protected":false},"excerpt":{"rendered":"<p>Estimada Comunidad: Con motivo de la conmemoraci\u00f3n del&nbsp;\u00abMes del Mar\u00bb&nbsp;y las&nbsp;\u00abGlorias Navales\u00bb&nbsp;, nuestra instituci\u00f3n educativa tuvo el placer de recibir a la&nbsp;Banda Instrumental de la Segunda Zona Naval de Talcahuano. Bajo la direcci\u00f3n del Suboficial Roberto Rivas y con la participaci\u00f3n de&nbsp;19 m\u00fasicos&nbsp;, esta actividad enriqueci\u00f3 la experiencia de nuestros estudiantes. Adem\u00e1s, reforz\u00f3 el profundo [&hellip;]<\/p>\n","protected":false},"author":1,"featured_media":3725,"comment_status":"closed","ping_status":"open","sticky":false,"template":"","format":"standard","meta":{"footnotes":""},"categories":[1],"tags":[],"class_list":["post-3789","post","type-post","status-publish","format-standard","has-post-thumbnail","hentry","category-info"],"_links":{"self":[{"href":"https:\/\/www.colegiovillanonguen.cl\/index.php\/wp-json\/wp\/v2\/posts\/3789","targetHints":{"allow":["GET"]}}],"collection":[{"href":"https:\/\/www.colegiovillanonguen.cl\/index.php\/wp-json\/wp\/v2\/posts"}],"about":[{"href":"https:\/\/www.colegiovillanonguen.cl\/index.php\/wp-json\/wp\/v2\/types\/post"}],"author":[{"embeddable":true,"href":"https:\/\/www.colegiovillanonguen.cl\/index.php\/wp-json\/wp\/v2\/users\/1"}],"replies":[{"embeddable":true,"href":"https:\/\/www.colegiovillanonguen.cl\/index.php\/wp-json\/wp\/v2\/comments?post=3789"}],"version-history":[{"count":1,"href":"https:\/\/www.colegiovillanonguen.cl\/index.php\/wp-json\/wp\/v2\/posts\/3789\/revisions"}],"predecessor-version":[{"id":3790,"href":"https:\/\/www.colegiovillanonguen.cl\/index.php\/wp-json\/wp\/v2\/posts\/3789\/revisions\/3790"}],"wp:featuredmedia":[{"embeddable":true,"href":"https:\/\/www.colegiovillanonguen.cl\/index.php\/wp-json\/wp\/v2\/media\/3725"}],"wp:attachment":[{"href":"https:\/\/www.colegiovillanonguen.cl\/index.php\/wp-json\/wp\/v2\/media?parent=3789"}],"wp:term":[{"taxonomy":"category","embeddable":true,"href":"https:\/\/www.colegiovillanonguen.cl\/index.php\/wp-json\/wp\/v2\/categories?post=3789"},{"taxonomy":"post_tag","embeddable":true,"href":"https:\/\/www.colegiovillanonguen.cl\/index.php\/wp-json\/wp\/v2\/tags?post=3789"}],"curies":[{"name":"wp","href":"https:\/\/api.w.org\/{rel}","templated":true}]}}