{"id":3780,"date":"2025-05-19T18:09:57","date_gmt":"2025-05-19T18:09:57","guid":{"rendered":"https:\/\/www.colegiovillanonguen.cl\/?p=3780"},"modified":"2025-05-19T18:09:58","modified_gmt":"2025-05-19T18:09:58","slug":"cvn-en-ciencia-sin-ficcion-2","status":"publish","type":"post","link":"https:\/\/www.colegiovillanonguen.cl\/index.php\/2025\/05\/19\/cvn-en-ciencia-sin-ficcion-2\/","title":{"rendered":"CVN en Ciencia sin Ficci\u00f3n"},"content":{"rendered":"\n<p>Los d\u00edas 14 y 15 de este mes, estudiantes de Octavo B\u00e1sico, Tercero y Cuarto a\u00f1o medio asistieron a la versi\u00f3n 2025 de Ciencia sin Ficci\u00f3n, el festival de divulgaci\u00f3n cient\u00edfica m\u00e1s grande de Chile y que est\u00e1 completamente dirigido a escolares.<\/p>\n\n\n\n<p>Nuestros estudiantes tuvieron la oportunidad de escuchar a grandes exponentes de la Ciencia, como Jos\u00e9 Maza, Marcelo Lagos, Eric Goles, Barbarita Lara, Matilde Gaete, Francisca Contreras, Paulina Astroza, entre otros.<\/p>\n\n\n\n<p>Este evento, creado por la Fundaci\u00f3n Chile 2100, tiene como objetivo acercar los distintos \u00e1mbitos de la Ciencia a la comunidad escolar.<\/p>\n\n\n\n<div style=\"position: relative; width: 100%; height: 0; padding-top: 47.3684%;\n padding-bottom: 0; box-shadow: 0 2px 8px 0 rgba(63,69,81,0.16); margin-top: 1.6em; margin-bottom: 0.9em; overflow: hidden;\n border-radius: 8px; will-change: transform;\">\n  <iframe loading=\"lazy\" style=\"position: absolute; width: 100%; height: 100%; top: 0; left: 0; border: none; padding: 0;margin: 0;\"\n    src=\"https:\/\/www.canva.com\/design\/DAGn5cEUwKw\/1TWf9OQ0LHRmCJcJ2cfpsA\/watch?embed\" allowfullscreen=\"allowfullscreen\" allow=\"fullscreen\">\n  <\/iframe>\n<\/div>\n<a href=\"https:&#x2F;&#x2F;www.canva.com&#x2F;design&#x2F;DAGn5cEUwKw&#x2F;1TWf9OQ0LHRmCJcJ2cfpsA&#x2F;watch?utm_content=DAGn5cEUwKw&amp;utm_campaign=designshare&amp;utm_medium=embeds&amp;utm_source=link\" target=\"_blank\" rel=\"noopener\">\n","protected":false},"excerpt":{"rendered":"<p>Los d\u00edas 14 y 15 de este mes, estudiantes de Octavo B\u00e1sico, Tercero y Cuarto a\u00f1o medio asistieron a la versi\u00f3n 2025 de Ciencia sin Ficci\u00f3n, el festival de divulgaci\u00f3n cient\u00edfica m\u00e1s grande de Chile y que est\u00e1 completamente dirigido a escolares. Nuestros estudiantes tuvieron la oportunidad de escuchar a grandes exponentes de la Ciencia, [&hellip;]<\/p>\n","protected":false},"author":1,"featured_media":3781,"comment_status":"closed","ping_status":"open","sticky":false,"template":"","format":"standard","meta":{"footnotes":""},"categories":[1],"tags":[],"class_list":["post-3780","post","type-post","status-publish","format-standard","has-post-thumbnail","hentry","category-info"],"_links":{"self":[{"href":"https:\/\/www.colegiovillanonguen.cl\/index.php\/wp-json\/wp\/v2\/posts\/3780","targetHints":{"allow":["GET"]}}],"collection":[{"href":"https:\/\/www.colegiovillanonguen.cl\/index.php\/wp-json\/wp\/v2\/posts"}],"about":[{"href":"https:\/\/www.colegiovillanonguen.cl\/index.php\/wp-json\/wp\/v2\/types\/post"}],"author":[{"embeddable":true,"href":"https:\/\/www.colegiovillanonguen.cl\/index.php\/wp-json\/wp\/v2\/users\/1"}],"replies":[{"embeddable":true,"href":"https:\/\/www.colegiovillanonguen.cl\/index.php\/wp-json\/wp\/v2\/comments?post=3780"}],"version-history":[{"count":1,"href":"https:\/\/www.colegiovillanonguen.cl\/index.php\/wp-json\/wp\/v2\/posts\/3780\/revisions"}],"predecessor-version":[{"id":3782,"href":"https:\/\/www.colegiovillanonguen.cl\/index.php\/wp-json\/wp\/v2\/posts\/3780\/revisions\/3782"}],"wp:featuredmedia":[{"embeddable":true,"href":"https:\/\/www.colegiovillanonguen.cl\/index.php\/wp-json\/wp\/v2\/media\/3781"}],"wp:attachment":[{"href":"https:\/\/www.colegiovillanonguen.cl\/index.php\/wp-json\/wp\/v2\/media?parent=3780"}],"wp:term":[{"taxonomy":"category","embeddable":true,"href":"https:\/\/www.colegiovillanonguen.cl\/index.php\/wp-json\/wp\/v2\/categories?post=3780"},{"taxonomy":"post_tag","embeddable":true,"href":"https:\/\/www.colegiovillanonguen.cl\/index.php\/wp-json\/wp\/v2\/tags?post=3780"}],"curies":[{"name":"wp","href":"https:\/\/api.w.org\/{rel}","templated":true}]}}