{"id":3774,"date":"2025-05-12T23:56:00","date_gmt":"2025-05-12T23:56:00","guid":{"rendered":"https:\/\/www.colegiovillanonguen.cl\/?p=3774"},"modified":"2025-05-19T01:40:11","modified_gmt":"2025-05-19T01:40:11","slug":"dia-del-estudiante-4","status":"publish","type":"post","link":"https:\/\/www.colegiovillanonguen.cl\/index.php\/2025\/05\/12\/dia-del-estudiante-4\/","title":{"rendered":"D\u00eda del Estudiante"},"content":{"rendered":"\n<p>Estimada Comunidad: Junto con saludar, les compartimos el fruto de semanas de preparaci\u00f3n de todos quienes trabajamos en el Colegio Villa Nongu\u00e9n para conmemorar y celebrar un nuevo D\u00eda del Estudiante.<\/p>\n\n\n\n<p>Nuestros estudiantes, fueron recibidos por un carnaval de colores y m\u00fasica, luego recibieron el saludo de sus profesores jefes en sus salas de clases y ya en el acto oficial en el gimnasio recibieron el saludo oficial de nuestro rector, don Vicente Cabrera Ortiz, y presenciaron distintos n\u00fameros art\u00edsticos preparados para la ocasi\u00f3n, terminando el d\u00eda con las convivencias por cursos.<\/p>\n\n\n\n<div style=\"position: relative; width: 100%; height: 0; padding-top: 47.3684%;\n padding-bottom: 0; box-shadow: 0 2px 8px 0 rgba(63,69,81,0.16); margin-top: 1.6em; margin-bottom: 0.9em; overflow: hidden;\n border-radius: 8px; will-change: transform;\">\n  <iframe loading=\"lazy\" style=\"position: absolute; width: 100%; height: 100%; top: 0; left: 0; border: none; padding: 0;margin: 0;\"\n    src=\"https:\/\/www.canva.com\/design\/DAGn2BlPDlI\/xeWZKbtqsOWlF-ushgJSFQ\/watch?embed\" allowfullscreen=\"allowfullscreen\" allow=\"fullscreen\">\n  <\/iframe>\n<\/div>\n<a href=\"https:&#x2F;&#x2F;www.canva.com&#x2F;design&#x2F;DAGn2BlPDlI&#x2F;xeWZKbtqsOWlF-ushgJSFQ&#x2F;watch?utm_content=DAGn2BlPDlI&amp;utm_campaign=designshare&amp;utm_medium=embeds&amp;utm_source=link\" target=\"_blank\" rel=\"noopener\">\n","protected":false},"excerpt":{"rendered":"<p>Estimada Comunidad: Junto con saludar, les compartimos el fruto de semanas de preparaci\u00f3n de todos quienes trabajamos en el Colegio Villa Nongu\u00e9n para conmemorar y celebrar un nuevo D\u00eda del Estudiante. Nuestros estudiantes, fueron recibidos por un carnaval de colores y m\u00fasica, luego recibieron el saludo de sus profesores jefes en sus salas de clases [&hellip;]<\/p>\n","protected":false},"author":1,"featured_media":3725,"comment_status":"closed","ping_status":"open","sticky":false,"template":"","format":"standard","meta":{"footnotes":""},"categories":[1],"tags":[],"class_list":["post-3774","post","type-post","status-publish","format-standard","has-post-thumbnail","hentry","category-info"],"_links":{"self":[{"href":"https:\/\/www.colegiovillanonguen.cl\/index.php\/wp-json\/wp\/v2\/posts\/3774","targetHints":{"allow":["GET"]}}],"collection":[{"href":"https:\/\/www.colegiovillanonguen.cl\/index.php\/wp-json\/wp\/v2\/posts"}],"about":[{"href":"https:\/\/www.colegiovillanonguen.cl\/index.php\/wp-json\/wp\/v2\/types\/post"}],"author":[{"embeddable":true,"href":"https:\/\/www.colegiovillanonguen.cl\/index.php\/wp-json\/wp\/v2\/users\/1"}],"replies":[{"embeddable":true,"href":"https:\/\/www.colegiovillanonguen.cl\/index.php\/wp-json\/wp\/v2\/comments?post=3774"}],"version-history":[{"count":1,"href":"https:\/\/www.colegiovillanonguen.cl\/index.php\/wp-json\/wp\/v2\/posts\/3774\/revisions"}],"predecessor-version":[{"id":3775,"href":"https:\/\/www.colegiovillanonguen.cl\/index.php\/wp-json\/wp\/v2\/posts\/3774\/revisions\/3775"}],"wp:featuredmedia":[{"embeddable":true,"href":"https:\/\/www.colegiovillanonguen.cl\/index.php\/wp-json\/wp\/v2\/media\/3725"}],"wp:attachment":[{"href":"https:\/\/www.colegiovillanonguen.cl\/index.php\/wp-json\/wp\/v2\/media?parent=3774"}],"wp:term":[{"taxonomy":"category","embeddable":true,"href":"https:\/\/www.colegiovillanonguen.cl\/index.php\/wp-json\/wp\/v2\/categories?post=3774"},{"taxonomy":"post_tag","embeddable":true,"href":"https:\/\/www.colegiovillanonguen.cl\/index.php\/wp-json\/wp\/v2\/tags?post=3774"}],"curies":[{"name":"wp","href":"https:\/\/api.w.org\/{rel}","templated":true}]}}