{"id":3766,"date":"2025-04-30T13:05:08","date_gmt":"2025-04-30T13:05:08","guid":{"rendered":"https:\/\/www.colegiovillanonguen.cl\/?p=3766"},"modified":"2025-05-05T13:14:01","modified_gmt":"2025-05-05T13:14:01","slug":"dia-del-carabinero-2","status":"publish","type":"post","link":"https:\/\/www.colegiovillanonguen.cl\/index.php\/2025\/04\/30\/dia-del-carabinero-2\/","title":{"rendered":"D\u00eda del Carabinero"},"content":{"rendered":"\n<p>En un acto solemne preparado por los estudiantes de los cursos m\u00e1s peque\u00f1os de nuestro Colegio, la totalidad de la comunidad escolar encabezada por nuestro Rector Vicente Cabrera Ortiz, conmemor\u00f3 un aniversario m\u00e1s de Carabineros de Chile, en esta ocasi\u00f3n representados por el Sargento 2do. Claudio Fuentes Machuca y el Suboficial Mayor Juan Carlos Toledo\u00a0Cuevas quienes, a nombre de la instituci\u00f3n que representan, agradecieron el acto y los presentes recibidos.<\/p>\n\n\n\n<div style=\"position: relative; width: 100%; height: 0; padding-top: 47.3684%;\n padding-bottom: 0; box-shadow: 0 2px 8px 0 rgba(63,69,81,0.16); margin-top: 1.6em; margin-bottom: 0.9em; overflow: hidden;\n border-radius: 8px; will-change: transform;\">\n  <iframe loading=\"lazy\" style=\"position: absolute; width: 100%; height: 100%; top: 0; left: 0; border: none; padding: 0;margin: 0;\"\n    src=\"https:\/\/www.canva.com\/design\/DAGmflRBxpM\/0GZrbaE92IgW_KlrKOv5Bg\/watch?embed\" allowfullscreen=\"allowfullscreen\" allow=\"fullscreen\">\n  <\/iframe>\n<\/div>\n<a href=\"https:&#x2F;&#x2F;www.canva.com&#x2F;design&#x2F;DAGmflRBxpM&#x2F;0GZrbaE92IgW_KlrKOv5Bg&#x2F;watch?utm_content=DAGmflRBxpM&amp;utm_campaign=designshare&amp;utm_medium=embeds&amp;utm_source=link\" target=\"_blank\" rel=\"noopener\">\n","protected":false},"excerpt":{"rendered":"<p>En un acto solemne preparado por los estudiantes de los cursos m\u00e1s peque\u00f1os de nuestro Colegio, la totalidad de la comunidad escolar encabezada por nuestro Rector Vicente Cabrera Ortiz, conmemor\u00f3 un aniversario m\u00e1s de Carabineros de Chile, en esta ocasi\u00f3n representados por el Sargento 2do. Claudio Fuentes Machuca y el Suboficial Mayor Juan Carlos Toledo\u00a0Cuevas [&hellip;]<\/p>\n","protected":false},"author":1,"featured_media":3725,"comment_status":"closed","ping_status":"open","sticky":false,"template":"","format":"standard","meta":{"footnotes":""},"categories":[1],"tags":[],"class_list":["post-3766","post","type-post","status-publish","format-standard","has-post-thumbnail","hentry","category-info"],"_links":{"self":[{"href":"https:\/\/www.colegiovillanonguen.cl\/index.php\/wp-json\/wp\/v2\/posts\/3766","targetHints":{"allow":["GET"]}}],"collection":[{"href":"https:\/\/www.colegiovillanonguen.cl\/index.php\/wp-json\/wp\/v2\/posts"}],"about":[{"href":"https:\/\/www.colegiovillanonguen.cl\/index.php\/wp-json\/wp\/v2\/types\/post"}],"author":[{"embeddable":true,"href":"https:\/\/www.colegiovillanonguen.cl\/index.php\/wp-json\/wp\/v2\/users\/1"}],"replies":[{"embeddable":true,"href":"https:\/\/www.colegiovillanonguen.cl\/index.php\/wp-json\/wp\/v2\/comments?post=3766"}],"version-history":[{"count":2,"href":"https:\/\/www.colegiovillanonguen.cl\/index.php\/wp-json\/wp\/v2\/posts\/3766\/revisions"}],"predecessor-version":[{"id":3768,"href":"https:\/\/www.colegiovillanonguen.cl\/index.php\/wp-json\/wp\/v2\/posts\/3766\/revisions\/3768"}],"wp:featuredmedia":[{"embeddable":true,"href":"https:\/\/www.colegiovillanonguen.cl\/index.php\/wp-json\/wp\/v2\/media\/3725"}],"wp:attachment":[{"href":"https:\/\/www.colegiovillanonguen.cl\/index.php\/wp-json\/wp\/v2\/media?parent=3766"}],"wp:term":[{"taxonomy":"category","embeddable":true,"href":"https:\/\/www.colegiovillanonguen.cl\/index.php\/wp-json\/wp\/v2\/categories?post=3766"},{"taxonomy":"post_tag","embeddable":true,"href":"https:\/\/www.colegiovillanonguen.cl\/index.php\/wp-json\/wp\/v2\/tags?post=3766"}],"curies":[{"name":"wp","href":"https:\/\/api.w.org\/{rel}","templated":true}]}}