{"id":3754,"date":"2025-04-30T23:15:48","date_gmt":"2025-04-30T23:15:48","guid":{"rendered":"https:\/\/www.colegiovillanonguen.cl\/?p=3754"},"modified":"2025-05-05T12:18:23","modified_gmt":"2025-05-05T12:18:23","slug":"dia-de-la-convivencia-escolar","status":"publish","type":"post","link":"https:\/\/www.colegiovillanonguen.cl\/index.php\/2025\/04\/30\/dia-de-la-convivencia-escolar\/","title":{"rendered":"D\u00eda de la Convivencia Escolar"},"content":{"rendered":"\n<p>Estimada comunidad, junto con saludar, les comentamos que en nuestro Colegio, como en todos los colegios de Chile, se conmemor\u00f3 el D\u00eda de la Convivencia Escolar, un d\u00eda especial en el calendario escolar donde se resaltan los valores que involucran una sana convivencia en toda comunidad educativa.<\/p>\n\n\n\n<p>Este a\u00f1o, como ya es tradici\u00f3n, cada curso eligi\u00f3 al compa\u00f1ero o compa\u00f1era que encarna de mejor forma los valores de la convivencia y es motor de buenas relaciones al interior de su grupo curso; pero tambi\u00e9n todos los miembros del colegio eligieron al funcionario que d\u00eda a d\u00eda contribuye a la sana convivencia, este a\u00f1o el premio recay\u00f3 en el profesor Lester Silva.<\/p>\n\n\n\n<p>Compartimos im\u00e1genes del d\u00eda.<\/p>\n\n\n\n<div style=\"position: relative; width: 100%; height: 0; padding-top: 47.3684%;\n padding-bottom: 0; box-shadow: 0 2px 8px 0 rgba(63,69,81,0.16); margin-top: 1.6em; margin-bottom: 0.9em; overflow: hidden;\n border-radius: 8px; will-change: transform;\">\n  <iframe loading=\"lazy\" style=\"position: absolute; width: 100%; height: 100%; top: 0; left: 0; border: none; padding: 0;margin: 0;\"\n    src=\"https:\/\/www.canva.com\/design\/DAGmhfttNvY\/pXSUwc--GK2kd7unmbnrTw\/watch?embed\" allowfullscreen=\"allowfullscreen\" allow=\"fullscreen\">\n  <\/iframe>\n<\/div>\n<a href=\"https:&#x2F;&#x2F;www.canva.com&#x2F;design&#x2F;DAGmhfttNvY&#x2F;pXSUwc--GK2kd7unmbnrTw&#x2F;watch?utm_content=DAGmhfttNvY&amp;utm_campaign=designshare&amp;utm_medium=embeds&amp;utm_source=link\" target=\"_blank\" rel=\"noopener\">\n","protected":false},"excerpt":{"rendered":"<p>Estimada comunidad, junto con saludar, les comentamos que en nuestro Colegio, como en todos los colegios de Chile, se conmemor\u00f3 el D\u00eda de la Convivencia Escolar, un d\u00eda especial en el calendario escolar donde se resaltan los valores que involucran una sana convivencia en toda comunidad educativa. Este a\u00f1o, como ya es tradici\u00f3n, cada curso [&hellip;]<\/p>\n","protected":false},"author":1,"featured_media":3725,"comment_status":"closed","ping_status":"open","sticky":false,"template":"","format":"standard","meta":{"footnotes":""},"categories":[1],"tags":[],"class_list":["post-3754","post","type-post","status-publish","format-standard","has-post-thumbnail","hentry","category-info"],"_links":{"self":[{"href":"https:\/\/www.colegiovillanonguen.cl\/index.php\/wp-json\/wp\/v2\/posts\/3754","targetHints":{"allow":["GET"]}}],"collection":[{"href":"https:\/\/www.colegiovillanonguen.cl\/index.php\/wp-json\/wp\/v2\/posts"}],"about":[{"href":"https:\/\/www.colegiovillanonguen.cl\/index.php\/wp-json\/wp\/v2\/types\/post"}],"author":[{"embeddable":true,"href":"https:\/\/www.colegiovillanonguen.cl\/index.php\/wp-json\/wp\/v2\/users\/1"}],"replies":[{"embeddable":true,"href":"https:\/\/www.colegiovillanonguen.cl\/index.php\/wp-json\/wp\/v2\/comments?post=3754"}],"version-history":[{"count":5,"href":"https:\/\/www.colegiovillanonguen.cl\/index.php\/wp-json\/wp\/v2\/posts\/3754\/revisions"}],"predecessor-version":[{"id":3760,"href":"https:\/\/www.colegiovillanonguen.cl\/index.php\/wp-json\/wp\/v2\/posts\/3754\/revisions\/3760"}],"wp:featuredmedia":[{"embeddable":true,"href":"https:\/\/www.colegiovillanonguen.cl\/index.php\/wp-json\/wp\/v2\/media\/3725"}],"wp:attachment":[{"href":"https:\/\/www.colegiovillanonguen.cl\/index.php\/wp-json\/wp\/v2\/media?parent=3754"}],"wp:term":[{"taxonomy":"category","embeddable":true,"href":"https:\/\/www.colegiovillanonguen.cl\/index.php\/wp-json\/wp\/v2\/categories?post=3754"},{"taxonomy":"post_tag","embeddable":true,"href":"https:\/\/www.colegiovillanonguen.cl\/index.php\/wp-json\/wp\/v2\/tags?post=3754"}],"curies":[{"name":"wp","href":"https:\/\/api.w.org\/{rel}","templated":true}]}}