{"id":3743,"date":"2025-04-14T01:03:41","date_gmt":"2025-04-14T01:03:41","guid":{"rendered":"https:\/\/www.colegiovillanonguen.cl\/?p=3743"},"modified":"2025-05-05T11:59:14","modified_gmt":"2025-05-05T11:59:14","slug":"aniversario-cvn-2","status":"publish","type":"post","link":"https:\/\/www.colegiovillanonguen.cl\/index.php\/2025\/04\/14\/aniversario-cvn-2\/","title":{"rendered":"Aniversario CVN"},"content":{"rendered":"\n<p>Estimada Comunidad, junto con saludar, compartimos con ustedes im\u00e1genes destacadas de lo que fue nuestra celebraci\u00f3n de aniversario, nos queda pendiente el m\u00e1s lindo gesto de nuestro aniversario, la romer\u00eda al cementerio, para ofrecer nuestro respeto a nuestra fundadora, la Sra. Mar\u00eda Elvira Cruz Magnani (q.e.p.d.), esperamos que mejore el tiempo atm\u00f3sferico para poder llevarla a cabo.<\/p>\n\n\n\n<div style=\"position: relative; width: 100%; height: 0; padding-top: 47.3684%;\n padding-bottom: 0; box-shadow: 0 2px 8px 0 rgba(63,69,81,0.16); margin-top: 1.6em; margin-bottom: 0.9em; overflow: hidden;\n border-radius: 8px; will-change: transform;\">\n  <iframe loading=\"lazy\" style=\"position: absolute; width: 100%; height: 100%; top: 0; left: 0; border: none; padding: 0;margin: 0;\"\n    src=\"https:\/\/www.canva.com\/design\/DAGmfPYGgqA\/vs-gsfSLv4S1uTKh6428bg\/watch?embed\" allowfullscreen=\"allowfullscreen\" allow=\"fullscreen\">\n  <\/iframe>\n<\/div>\n<a href=\"https:&#x2F;&#x2F;www.canva.com&#x2F;design&#x2F;DAGmfPYGgqA&#x2F;vs-gsfSLv4S1uTKh6428bg&#x2F;watch?utm_content=DAGmfPYGgqA&amp;utm_campaign=designshare&amp;utm_medium=embeds&amp;utm_source=link\" target=\"_blank\" rel=\"noopener\">\n\n\n\n<p><\/p>\n","protected":false},"excerpt":{"rendered":"<p>Estimada Comunidad, junto con saludar, compartimos con ustedes im\u00e1genes destacadas de lo que fue nuestra celebraci\u00f3n de aniversario, nos queda pendiente el m\u00e1s lindo gesto de nuestro aniversario, la romer\u00eda al cementerio, para ofrecer nuestro respeto a nuestra fundadora, la Sra. Mar\u00eda Elvira Cruz Magnani (q.e.p.d.), esperamos que mejore el tiempo atm\u00f3sferico para poder llevarla [&hellip;]<\/p>\n","protected":false},"author":1,"featured_media":3725,"comment_status":"closed","ping_status":"open","sticky":false,"template":"","format":"standard","meta":{"footnotes":""},"categories":[1],"tags":[],"class_list":["post-3743","post","type-post","status-publish","format-standard","has-post-thumbnail","hentry","category-info"],"_links":{"self":[{"href":"https:\/\/www.colegiovillanonguen.cl\/index.php\/wp-json\/wp\/v2\/posts\/3743","targetHints":{"allow":["GET"]}}],"collection":[{"href":"https:\/\/www.colegiovillanonguen.cl\/index.php\/wp-json\/wp\/v2\/posts"}],"about":[{"href":"https:\/\/www.colegiovillanonguen.cl\/index.php\/wp-json\/wp\/v2\/types\/post"}],"author":[{"embeddable":true,"href":"https:\/\/www.colegiovillanonguen.cl\/index.php\/wp-json\/wp\/v2\/users\/1"}],"replies":[{"embeddable":true,"href":"https:\/\/www.colegiovillanonguen.cl\/index.php\/wp-json\/wp\/v2\/comments?post=3743"}],"version-history":[{"count":5,"href":"https:\/\/www.colegiovillanonguen.cl\/index.php\/wp-json\/wp\/v2\/posts\/3743\/revisions"}],"predecessor-version":[{"id":3765,"href":"https:\/\/www.colegiovillanonguen.cl\/index.php\/wp-json\/wp\/v2\/posts\/3743\/revisions\/3765"}],"wp:featuredmedia":[{"embeddable":true,"href":"https:\/\/www.colegiovillanonguen.cl\/index.php\/wp-json\/wp\/v2\/media\/3725"}],"wp:attachment":[{"href":"https:\/\/www.colegiovillanonguen.cl\/index.php\/wp-json\/wp\/v2\/media?parent=3743"}],"wp:term":[{"taxonomy":"category","embeddable":true,"href":"https:\/\/www.colegiovillanonguen.cl\/index.php\/wp-json\/wp\/v2\/categories?post=3743"},{"taxonomy":"post_tag","embeddable":true,"href":"https:\/\/www.colegiovillanonguen.cl\/index.php\/wp-json\/wp\/v2\/tags?post=3743"}],"curies":[{"name":"wp","href":"https:\/\/api.w.org\/{rel}","templated":true}]}}