{"id":3712,"date":"2025-03-05T14:48:08","date_gmt":"2025-03-05T14:48:08","guid":{"rendered":"https:\/\/www.colegiovillanonguen.cl\/?p=3712"},"modified":"2025-06-18T12:31:05","modified_gmt":"2025-06-18T12:31:05","slug":"inicio-ano-escolar-2025","status":"publish","type":"post","link":"https:\/\/www.colegiovillanonguen.cl\/index.php\/2025\/03\/05\/inicio-ano-escolar-2025\/","title":{"rendered":"Saludo Inicio a\u00f1o escolar 2025"},"content":{"rendered":"\n<figure class=\"wp-block-image size-large\"><img loading=\"lazy\" decoding=\"async\" width=\"1024\" height=\"398\" src=\"https:\/\/www.colegiovillanonguen.cl\/wp-content\/uploads\/2025\/03\/20250305_102257-1024x398.jpg\" alt=\"\" class=\"wp-image-3713\" srcset=\"https:\/\/www.colegiovillanonguen.cl\/wp-content\/uploads\/2025\/03\/20250305_102257-1024x398.jpg 1024w, https:\/\/www.colegiovillanonguen.cl\/wp-content\/uploads\/2025\/03\/20250305_102257-300x116.jpg 300w, https:\/\/www.colegiovillanonguen.cl\/wp-content\/uploads\/2025\/03\/20250305_102257-768x298.jpg 768w, https:\/\/www.colegiovillanonguen.cl\/wp-content\/uploads\/2025\/03\/20250305_102257-1536x596.jpg 1536w, https:\/\/www.colegiovillanonguen.cl\/wp-content\/uploads\/2025\/03\/20250305_102257-2048x795.jpg 2048w\" sizes=\"auto, (max-width: 1024px) 100vw, 1024px\" \/><\/figure>\n\n\n\n<p>Querida comunidad educativa,<\/p>\n\n\n\n<p>Con mucha alegr\u00eda y entusiasmo, les doy la m\u00e1s cordial bienvenida a este nuevo a\u00f1o escolar 2025. Un nuevo ciclo comienza, lleno de oportunidades para crecer, aprender y fortalecer nuestros lazos como comunidad.<\/p>\n\n\n\n<p>A nuestros estudiantes, los invito a asumir este a\u00f1o con energ\u00eda y compromiso. Cada d\u00eda es una oportunidad para descubrir, para desafiarse y para construir juntos un futuro lleno de posibilidades. Confiamos en su capacidad, en su talento y en su esfuerzo, y estamos aqu\u00ed para acompa\u00f1arlos en cada paso de su camino.<\/p>\n\n\n\n<p>A nuestras familias, les agradecemos su permanente apoyo y confianza en nuestro proyecto educativo. Su participaci\u00f3n es fundamental para el desarrollo integral de nuestros estudiantes. Los invitamos a seguir construyendo juntos un ambiente de respeto, colaboraci\u00f3n y cercan\u00eda.<\/p>\n\n\n\n<p>Y a nuestros directivos, docentes y asistentes de la educaci\u00f3n, gracias por su entrega y dedicaci\u00f3n. Su labor es fundamental para brindar una educaci\u00f3n de calidad, con valores y principios que gu\u00eden a nuestros estudiantes en su formaci\u00f3n acad\u00e9mica y personal.<\/p>\n\n\n\n<p>Este a\u00f1o, como comunidad educativa, seguimos comprometidos con la excelencia, la innovaci\u00f3n y el fortalecimiento de nuestros valores institucionales. Estamos seguros de que, con esfuerzo y trabajo en equipo, haremos de este 2025 un a\u00f1o lleno de logros y satisfacciones.<\/p>\n\n\n\n<p>Les deseo un excelente inicio de a\u00f1o escolar y que cada d\u00eda est\u00e9 marcado por el aprendizaje, la amistad y el crecimiento personal.<\/p>\n\n\n\n<p>\u00a1Bienvenidos y bienvenidas al Colegio Villa Nongu\u00e9n!<\/p>\n\n\n\n<p class=\"has-text-align-center\"><strong>Vicente Cabrera Ortiz<\/strong><\/p>\n\n\n\n<p class=\"has-text-align-center\"><strong>R E C T O R<\/strong><\/p>\n","protected":false},"excerpt":{"rendered":"<p>Querida comunidad educativa, Con mucha alegr\u00eda y entusiasmo, les doy la m\u00e1s cordial bienvenida a este nuevo a\u00f1o escolar 2025. Un nuevo ciclo comienza, lleno de oportunidades para crecer, aprender y fortalecer nuestros lazos como comunidad. A nuestros estudiantes, los invito a asumir este a\u00f1o con energ\u00eda y compromiso. Cada d\u00eda es una oportunidad para [&hellip;]<\/p>\n","protected":false},"author":1,"featured_media":3713,"comment_status":"closed","ping_status":"open","sticky":false,"template":"","format":"standard","meta":{"footnotes":""},"categories":[1],"tags":[],"class_list":["post-3712","post","type-post","status-publish","format-standard","has-post-thumbnail","hentry","category-info"],"_links":{"self":[{"href":"https:\/\/www.colegiovillanonguen.cl\/index.php\/wp-json\/wp\/v2\/posts\/3712","targetHints":{"allow":["GET"]}}],"collection":[{"href":"https:\/\/www.colegiovillanonguen.cl\/index.php\/wp-json\/wp\/v2\/posts"}],"about":[{"href":"https:\/\/www.colegiovillanonguen.cl\/index.php\/wp-json\/wp\/v2\/types\/post"}],"author":[{"embeddable":true,"href":"https:\/\/www.colegiovillanonguen.cl\/index.php\/wp-json\/wp\/v2\/users\/1"}],"replies":[{"embeddable":true,"href":"https:\/\/www.colegiovillanonguen.cl\/index.php\/wp-json\/wp\/v2\/comments?post=3712"}],"version-history":[{"count":2,"href":"https:\/\/www.colegiovillanonguen.cl\/index.php\/wp-json\/wp\/v2\/posts\/3712\/revisions"}],"predecessor-version":[{"id":3717,"href":"https:\/\/www.colegiovillanonguen.cl\/index.php\/wp-json\/wp\/v2\/posts\/3712\/revisions\/3717"}],"wp:featuredmedia":[{"embeddable":true,"href":"https:\/\/www.colegiovillanonguen.cl\/index.php\/wp-json\/wp\/v2\/media\/3713"}],"wp:attachment":[{"href":"https:\/\/www.colegiovillanonguen.cl\/index.php\/wp-json\/wp\/v2\/media?parent=3712"}],"wp:term":[{"taxonomy":"category","embeddable":true,"href":"https:\/\/www.colegiovillanonguen.cl\/index.php\/wp-json\/wp\/v2\/categories?post=3712"},{"taxonomy":"post_tag","embeddable":true,"href":"https:\/\/www.colegiovillanonguen.cl\/index.php\/wp-json\/wp\/v2\/tags?post=3712"}],"curies":[{"name":"wp","href":"https:\/\/api.w.org\/{rel}","templated":true}]}}