{"id":3532,"date":"2024-10-11T12:10:58","date_gmt":"2024-10-11T12:10:58","guid":{"rendered":"https:\/\/www.colegiovillanonguen.cl\/?p=3532"},"modified":"2024-12-10T00:37:09","modified_gmt":"2024-12-10T00:37:09","slug":"cvn-en-feria-de-ciencias-y-tecnologia-ubb","status":"publish","type":"post","link":"https:\/\/www.colegiovillanonguen.cl\/index.php\/2024\/10\/11\/cvn-en-feria-de-ciencias-y-tecnologia-ubb\/","title":{"rendered":"CVN en Feria Nacional de Ciencias y Tecnolog\u00eda UBB"},"content":{"rendered":"\n<p>Estimada Comunidad, junto con saludar, compartimos con ustedes el \u00e9xito del Colegio en el Feria Nacional de Ciencias y Tecnolog\u00eda desarrollada desde el 1 al 4 de octubre en el campus de Concepci\u00f3n de la Universidad del B\u00edo B\u00edo.<\/p>\n\n\n\n<p>Nuestro colegio, representado por las estudiantes Ahsly Blanco y Francisca Sep\u00falveda acompa\u00f1adas por la profesora Evelyn Henr\u00edquez presentaron el proyecto Vermy-Ecology, un estudio del c\u00f3mo afecta el cambio del pH en el proceso de compostaje a trav\u00e9s de lombrices californianas. Su estudio fue premiado con el Primer Lugar en la Feria en la categor\u00eda correspondiente a Octavo B\u00e1sico, Primero y Segundo Medio.<\/p>\n\n\n\n<p><\/p>\n\n\n<div class=\"wp-block-image\">\n<figure data-wp-context=\"{&quot;imageId&quot;:&quot;69f32af240254&quot;}\" data-wp-interactive=\"core\/image\" data-wp-key=\"69f32af240254\" class=\"aligncenter size-large is-resized wp-lightbox-container\"><img loading=\"lazy\" decoding=\"async\" width=\"682\" height=\"1024\" data-wp-class--hide=\"state.isContentHidden\" data-wp-class--show=\"state.isContentVisible\" data-wp-init=\"callbacks.setButtonStyles\" data-wp-on--click=\"actions.showLightbox\" data-wp-on--load=\"callbacks.setButtonStyles\" data-wp-on-window--resize=\"callbacks.setButtonStyles\" src=\"https:\/\/www.colegiovillanonguen.cl\/wp-content\/uploads\/2024\/10\/Ciencias-UBB-682x1024.png\" alt=\"\" class=\"wp-image-3533\" style=\"width:742px;height:auto\" srcset=\"https:\/\/www.colegiovillanonguen.cl\/wp-content\/uploads\/2024\/10\/Ciencias-UBB-682x1024.png 682w, https:\/\/www.colegiovillanonguen.cl\/wp-content\/uploads\/2024\/10\/Ciencias-UBB-200x300.png 200w, https:\/\/www.colegiovillanonguen.cl\/wp-content\/uploads\/2024\/10\/Ciencias-UBB-768x1152.png 768w, https:\/\/www.colegiovillanonguen.cl\/wp-content\/uploads\/2024\/10\/Ciencias-UBB-1024x1536.png 1024w, https:\/\/www.colegiovillanonguen.cl\/wp-content\/uploads\/2024\/10\/Ciencias-UBB.png 1333w\" sizes=\"auto, (max-width: 682px) 100vw, 682px\" \/><button\n\t\t\tclass=\"lightbox-trigger\"\n\t\t\ttype=\"button\"\n\t\t\taria-haspopup=\"dialog\"\n\t\t\taria-label=\"Agrandar\"\n\t\t\tdata-wp-init=\"callbacks.initTriggerButton\"\n\t\t\tdata-wp-on--click=\"actions.showLightbox\"\n\t\t\tdata-wp-style--right=\"state.imageButtonRight\"\n\t\t\tdata-wp-style--top=\"state.imageButtonTop\"\n\t\t>\n\t\t\t<svg xmlns=\"http:\/\/www.w3.org\/2000\/svg\" width=\"12\" height=\"12\" fill=\"none\" viewBox=\"0 0 12 12\">\n\t\t\t\t<path fill=\"#fff\" d=\"M2 0a2 2 0 0 0-2 2v2h1.5V2a.5.5 0 0 1 .5-.5h2V0H2Zm2 10.5H2a.5.5 0 0 1-.5-.5V8H0v2a2 2 0 0 0 2 2h2v-1.5ZM8 12v-1.5h2a.5.5 0 0 0 .5-.5V8H12v2a2 2 0 0 1-2 2H8Zm2-12a2 2 0 0 1 2 2v2h-1.5V2a.5.5 0 0 0-.5-.5H8V0h2Z\" \/>\n\t\t\t<\/svg>\n\t\t<\/button><\/figure>\n<\/div>","protected":false},"excerpt":{"rendered":"<p>Estimada Comunidad, junto con saludar, compartimos con ustedes el \u00e9xito del Colegio en el Feria Nacional de Ciencias y Tecnolog\u00eda desarrollada desde el 1 al 4 de octubre en el campus de Concepci\u00f3n de la Universidad del B\u00edo B\u00edo. Nuestro colegio, representado por las estudiantes Ahsly Blanco y Francisca Sep\u00falveda acompa\u00f1adas por la profesora Evelyn [&hellip;]<\/p>\n","protected":false},"author":1,"featured_media":3141,"comment_status":"closed","ping_status":"open","sticky":false,"template":"","format":"standard","meta":{"footnotes":""},"categories":[1],"tags":[],"class_list":["post-3532","post","type-post","status-publish","format-standard","has-post-thumbnail","hentry","category-info"],"_links":{"self":[{"href":"https:\/\/www.colegiovillanonguen.cl\/index.php\/wp-json\/wp\/v2\/posts\/3532","targetHints":{"allow":["GET"]}}],"collection":[{"href":"https:\/\/www.colegiovillanonguen.cl\/index.php\/wp-json\/wp\/v2\/posts"}],"about":[{"href":"https:\/\/www.colegiovillanonguen.cl\/index.php\/wp-json\/wp\/v2\/types\/post"}],"author":[{"embeddable":true,"href":"https:\/\/www.colegiovillanonguen.cl\/index.php\/wp-json\/wp\/v2\/users\/1"}],"replies":[{"embeddable":true,"href":"https:\/\/www.colegiovillanonguen.cl\/index.php\/wp-json\/wp\/v2\/comments?post=3532"}],"version-history":[{"count":5,"href":"https:\/\/www.colegiovillanonguen.cl\/index.php\/wp-json\/wp\/v2\/posts\/3532\/revisions"}],"predecessor-version":[{"id":3700,"href":"https:\/\/www.colegiovillanonguen.cl\/index.php\/wp-json\/wp\/v2\/posts\/3532\/revisions\/3700"}],"wp:featuredmedia":[{"embeddable":true,"href":"https:\/\/www.colegiovillanonguen.cl\/index.php\/wp-json\/wp\/v2\/media\/3141"}],"wp:attachment":[{"href":"https:\/\/www.colegiovillanonguen.cl\/index.php\/wp-json\/wp\/v2\/media?parent=3532"}],"wp:term":[{"taxonomy":"category","embeddable":true,"href":"https:\/\/www.colegiovillanonguen.cl\/index.php\/wp-json\/wp\/v2\/categories?post=3532"},{"taxonomy":"post_tag","embeddable":true,"href":"https:\/\/www.colegiovillanonguen.cl\/index.php\/wp-json\/wp\/v2\/tags?post=3532"}],"curies":[{"name":"wp","href":"https:\/\/api.w.org\/{rel}","templated":true}]}}