{"id":3525,"date":"2024-09-11T12:59:16","date_gmt":"2024-09-11T12:59:16","guid":{"rendered":"https:\/\/www.colegiovillanonguen.cl\/?p=3525"},"modified":"2024-09-11T12:59:18","modified_gmt":"2024-09-11T12:59:18","slug":"mejoras-en-el-cvn","status":"publish","type":"post","link":"https:\/\/www.colegiovillanonguen.cl\/index.php\/2024\/09\/11\/mejoras-en-el-cvn\/","title":{"rendered":"Mejoras en el CVN"},"content":{"rendered":"\n<p>Estimada Comunidad, continuando con nuestro compromiso de entregar un servicio educativo de calidad y en espacios f\u00edsicos acordes, les informamos que luego de semanas de trabajo, hoy se terminaron obras de mejoras en el techo del edificio principal de nuestra instituci\u00f3n, que implicaron el cambio de la totalidad de los tornillos de la techumbre, sellado del techo, reparaci\u00f3n de hojalater\u00eda, la reparaci\u00f3n y posterior pintado de espacios como sala de computaci\u00f3n, CRA, salas de clases y la totalidad de los ba\u00f1os de Ense\u00f1anza B\u00e1sica y Media.<\/p>\n\n\n<div class=\"wp-block-image\">\n<figure class=\"aligncenter size-large is-resized\"><img loading=\"lazy\" decoding=\"async\" width=\"682\" height=\"1024\" src=\"https:\/\/www.colegiovillanonguen.cl\/wp-content\/uploads\/2024\/09\/Mejoras-en-el-cvn-682x1024.png\" alt=\"\" class=\"wp-image-3526\" style=\"width:712px;height:auto\" srcset=\"https:\/\/www.colegiovillanonguen.cl\/wp-content\/uploads\/2024\/09\/Mejoras-en-el-cvn-682x1024.png 682w, https:\/\/www.colegiovillanonguen.cl\/wp-content\/uploads\/2024\/09\/Mejoras-en-el-cvn-200x300.png 200w, https:\/\/www.colegiovillanonguen.cl\/wp-content\/uploads\/2024\/09\/Mejoras-en-el-cvn-768x1152.png 768w, https:\/\/www.colegiovillanonguen.cl\/wp-content\/uploads\/2024\/09\/Mejoras-en-el-cvn-1024x1536.png 1024w, https:\/\/www.colegiovillanonguen.cl\/wp-content\/uploads\/2024\/09\/Mejoras-en-el-cvn.png 1333w\" sizes=\"auto, (max-width: 682px) 100vw, 682px\" \/><\/figure>\n<\/div>","protected":false},"excerpt":{"rendered":"<p>Estimada Comunidad, continuando con nuestro compromiso de entregar un servicio educativo de calidad y en espacios f\u00edsicos acordes, les informamos que luego de semanas de trabajo, hoy se terminaron obras de mejoras en el techo del edificio principal de nuestra instituci\u00f3n, que implicaron el cambio de la totalidad de los tornillos de la techumbre, sellado [&hellip;]<\/p>\n","protected":false},"author":1,"featured_media":3141,"comment_status":"closed","ping_status":"open","sticky":false,"template":"","format":"standard","meta":{"footnotes":""},"categories":[1],"tags":[],"class_list":["post-3525","post","type-post","status-publish","format-standard","has-post-thumbnail","hentry","category-info"],"_links":{"self":[{"href":"https:\/\/www.colegiovillanonguen.cl\/index.php\/wp-json\/wp\/v2\/posts\/3525","targetHints":{"allow":["GET"]}}],"collection":[{"href":"https:\/\/www.colegiovillanonguen.cl\/index.php\/wp-json\/wp\/v2\/posts"}],"about":[{"href":"https:\/\/www.colegiovillanonguen.cl\/index.php\/wp-json\/wp\/v2\/types\/post"}],"author":[{"embeddable":true,"href":"https:\/\/www.colegiovillanonguen.cl\/index.php\/wp-json\/wp\/v2\/users\/1"}],"replies":[{"embeddable":true,"href":"https:\/\/www.colegiovillanonguen.cl\/index.php\/wp-json\/wp\/v2\/comments?post=3525"}],"version-history":[{"count":1,"href":"https:\/\/www.colegiovillanonguen.cl\/index.php\/wp-json\/wp\/v2\/posts\/3525\/revisions"}],"predecessor-version":[{"id":3527,"href":"https:\/\/www.colegiovillanonguen.cl\/index.php\/wp-json\/wp\/v2\/posts\/3525\/revisions\/3527"}],"wp:featuredmedia":[{"embeddable":true,"href":"https:\/\/www.colegiovillanonguen.cl\/index.php\/wp-json\/wp\/v2\/media\/3141"}],"wp:attachment":[{"href":"https:\/\/www.colegiovillanonguen.cl\/index.php\/wp-json\/wp\/v2\/media?parent=3525"}],"wp:term":[{"taxonomy":"category","embeddable":true,"href":"https:\/\/www.colegiovillanonguen.cl\/index.php\/wp-json\/wp\/v2\/categories?post=3525"},{"taxonomy":"post_tag","embeddable":true,"href":"https:\/\/www.colegiovillanonguen.cl\/index.php\/wp-json\/wp\/v2\/tags?post=3525"}],"curies":[{"name":"wp","href":"https:\/\/api.w.org\/{rel}","templated":true}]}}