{"id":3434,"date":"2024-08-12T14:23:24","date_gmt":"2024-08-12T14:23:24","guid":{"rendered":"https:\/\/www.colegiovillanonguen.cl\/?p=3434"},"modified":"2024-08-12T14:23:26","modified_gmt":"2024-08-12T14:23:26","slug":"cvn-en-tech-talent","status":"publish","type":"post","link":"https:\/\/www.colegiovillanonguen.cl\/index.php\/2024\/08\/12\/cvn-en-tech-talent\/","title":{"rendered":"CVN en Tech Talent"},"content":{"rendered":"\n<p>Estimada Comunidad: Junto con saludar, les compartimos la gran noticia que el s\u00e1bado 10 de agosto se dio inicio a un proceso de formaci\u00f3n de estudiantes en la Universidad Federico Santa Mar\u00eda que lleva el nombre de Tech Talent; esta actividad cuenta con el patrocinio de la casa de estudios superiores, la SEREMI de Educaci\u00f3n  y del Comit\u00e9 de Innovaci\u00f3n pedag\u00f3gica de la regi\u00f3n del Biob\u00edo, comit\u00e9 donde nuestro colegio tienen una activa presencia.<\/p>\n\n\n\n<p>En esta oportunidad, 16 j\u00f3venes de Primero a Cuarto a\u00f1o medio participaran en el proceso formativo por diez semanas, los d\u00edas s\u00e1bados desde las 9:00 h hasta las 14:00 h. La finalidad de este proceso es entregar a los j\u00f3venes del colegio una formaci\u00f3n en programaci\u00f3n computacional y, al final del proceso, poder participar en una feria nacional de tecnolog\u00eda.<\/p>\n\n\n\n<p>La participaci\u00f3n de nuestro estudiantes les asegura recibir un diploma de participaci\u00f3n y la posibilidad de acceder a la educaci\u00f3n superior de dicha casa de estudios a trav\u00e9s de Admisi\u00f3n Especial.<\/p>\n\n\n<div class=\"wp-block-image\">\n<figure class=\"aligncenter size-large is-resized\"><img loading=\"lazy\" decoding=\"async\" width=\"1024\" height=\"768\" src=\"https:\/\/www.colegiovillanonguen.cl\/wp-content\/uploads\/2024\/08\/tech-talent-1024x768.jpg\" alt=\"\" class=\"wp-image-3436\" style=\"width:512px;height:auto\" srcset=\"https:\/\/www.colegiovillanonguen.cl\/wp-content\/uploads\/2024\/08\/tech-talent-1024x768.jpg 1024w, https:\/\/www.colegiovillanonguen.cl\/wp-content\/uploads\/2024\/08\/tech-talent-300x225.jpg 300w, https:\/\/www.colegiovillanonguen.cl\/wp-content\/uploads\/2024\/08\/tech-talent-768x576.jpg 768w, https:\/\/www.colegiovillanonguen.cl\/wp-content\/uploads\/2024\/08\/tech-talent-1536x1152.jpg 1536w, https:\/\/www.colegiovillanonguen.cl\/wp-content\/uploads\/2024\/08\/tech-talent-400x300.jpg 400w, https:\/\/www.colegiovillanonguen.cl\/wp-content\/uploads\/2024\/08\/tech-talent.jpg 1600w\" sizes=\"auto, (max-width: 1024px) 100vw, 1024px\" \/><\/figure>\n<\/div>\n\n\n<p> <\/p>\n","protected":false},"excerpt":{"rendered":"<p>Estimada Comunidad: Junto con saludar, les compartimos la gran noticia que el s\u00e1bado 10 de agosto se dio inicio a un proceso de formaci\u00f3n de estudiantes en la Universidad Federico Santa Mar\u00eda que lleva el nombre de Tech Talent; esta actividad cuenta con el patrocinio de la casa de estudios superiores, la SEREMI de Educaci\u00f3n [&hellip;]<\/p>\n","protected":false},"author":1,"featured_media":3435,"comment_status":"closed","ping_status":"open","sticky":false,"template":"","format":"standard","meta":{"footnotes":""},"categories":[1],"tags":[],"class_list":["post-3434","post","type-post","status-publish","format-standard","has-post-thumbnail","hentry","category-info"],"_links":{"self":[{"href":"https:\/\/www.colegiovillanonguen.cl\/index.php\/wp-json\/wp\/v2\/posts\/3434","targetHints":{"allow":["GET"]}}],"collection":[{"href":"https:\/\/www.colegiovillanonguen.cl\/index.php\/wp-json\/wp\/v2\/posts"}],"about":[{"href":"https:\/\/www.colegiovillanonguen.cl\/index.php\/wp-json\/wp\/v2\/types\/post"}],"author":[{"embeddable":true,"href":"https:\/\/www.colegiovillanonguen.cl\/index.php\/wp-json\/wp\/v2\/users\/1"}],"replies":[{"embeddable":true,"href":"https:\/\/www.colegiovillanonguen.cl\/index.php\/wp-json\/wp\/v2\/comments?post=3434"}],"version-history":[{"count":1,"href":"https:\/\/www.colegiovillanonguen.cl\/index.php\/wp-json\/wp\/v2\/posts\/3434\/revisions"}],"predecessor-version":[{"id":3437,"href":"https:\/\/www.colegiovillanonguen.cl\/index.php\/wp-json\/wp\/v2\/posts\/3434\/revisions\/3437"}],"wp:featuredmedia":[{"embeddable":true,"href":"https:\/\/www.colegiovillanonguen.cl\/index.php\/wp-json\/wp\/v2\/media\/3435"}],"wp:attachment":[{"href":"https:\/\/www.colegiovillanonguen.cl\/index.php\/wp-json\/wp\/v2\/media?parent=3434"}],"wp:term":[{"taxonomy":"category","embeddable":true,"href":"https:\/\/www.colegiovillanonguen.cl\/index.php\/wp-json\/wp\/v2\/categories?post=3434"},{"taxonomy":"post_tag","embeddable":true,"href":"https:\/\/www.colegiovillanonguen.cl\/index.php\/wp-json\/wp\/v2\/tags?post=3434"}],"curies":[{"name":"wp","href":"https:\/\/api.w.org\/{rel}","templated":true}]}}