{"id":3422,"date":"2024-07-24T12:49:30","date_gmt":"2024-07-24T12:49:30","guid":{"rendered":"https:\/\/www.colegiovillanonguen.cl\/?p=3422"},"modified":"2024-07-24T12:49:32","modified_gmt":"2024-07-24T12:49:32","slug":"carabineros-en-cvn","status":"publish","type":"post","link":"https:\/\/www.colegiovillanonguen.cl\/index.php\/2024\/07\/24\/carabineros-en-cvn\/","title":{"rendered":"Carabineros en CVN"},"content":{"rendered":"\n<p>Durante la jornada del d\u00eda Jueves 18 de julio y dentro de la planificaci\u00f3n \u00abLas profesiones y oficios\u00bb, los estudiantes del nivel parvulario recibieron la visita del Sargento Segundo Claudio Bello Castro, apoderado de nuestro Colegio, y de la Cabo Primero Barbara Guerrero Mena.<br>En esta oportunidad los ni\u00f1os y ni\u00f1as conocieron las principales funciones de la instituci\u00f3n y compartieron sus experiencias, realizando preguntas y comentarios en la visita.<\/p>\n\n\n<div class=\"wp-block-image\">\n<figure class=\"aligncenter size-large is-resized\"><img loading=\"lazy\" decoding=\"async\" width=\"576\" height=\"1024\" src=\"https:\/\/www.colegiovillanonguen.cl\/wp-content\/uploads\/2024\/07\/Historia-Instagram-Collage-Fotos-Film-Negra-576x1024.png\" alt=\"\" class=\"wp-image-3423\" style=\"width:421px;height:auto\" srcset=\"https:\/\/www.colegiovillanonguen.cl\/wp-content\/uploads\/2024\/07\/Historia-Instagram-Collage-Fotos-Film-Negra-576x1024.png 576w, https:\/\/www.colegiovillanonguen.cl\/wp-content\/uploads\/2024\/07\/Historia-Instagram-Collage-Fotos-Film-Negra-169x300.png 169w, https:\/\/www.colegiovillanonguen.cl\/wp-content\/uploads\/2024\/07\/Historia-Instagram-Collage-Fotos-Film-Negra-768x1365.png 768w, https:\/\/www.colegiovillanonguen.cl\/wp-content\/uploads\/2024\/07\/Historia-Instagram-Collage-Fotos-Film-Negra-864x1536.png 864w, https:\/\/www.colegiovillanonguen.cl\/wp-content\/uploads\/2024\/07\/Historia-Instagram-Collage-Fotos-Film-Negra.png 1080w\" sizes=\"auto, (max-width: 576px) 100vw, 576px\" \/><\/figure>\n<\/div>","protected":false},"excerpt":{"rendered":"<p>Durante la jornada del d\u00eda Jueves 18 de julio y dentro de la planificaci\u00f3n \u00abLas profesiones y oficios\u00bb, los estudiantes del nivel parvulario recibieron la visita del Sargento Segundo Claudio Bello Castro, apoderado de nuestro Colegio, y de la Cabo Primero Barbara Guerrero Mena.En esta oportunidad los ni\u00f1os y ni\u00f1as conocieron las principales funciones de [&hellip;]<\/p>\n","protected":false},"author":1,"featured_media":3424,"comment_status":"closed","ping_status":"open","sticky":false,"template":"","format":"standard","meta":{"footnotes":""},"categories":[1],"tags":[],"class_list":["post-3422","post","type-post","status-publish","format-standard","has-post-thumbnail","hentry","category-info"],"_links":{"self":[{"href":"https:\/\/www.colegiovillanonguen.cl\/index.php\/wp-json\/wp\/v2\/posts\/3422","targetHints":{"allow":["GET"]}}],"collection":[{"href":"https:\/\/www.colegiovillanonguen.cl\/index.php\/wp-json\/wp\/v2\/posts"}],"about":[{"href":"https:\/\/www.colegiovillanonguen.cl\/index.php\/wp-json\/wp\/v2\/types\/post"}],"author":[{"embeddable":true,"href":"https:\/\/www.colegiovillanonguen.cl\/index.php\/wp-json\/wp\/v2\/users\/1"}],"replies":[{"embeddable":true,"href":"https:\/\/www.colegiovillanonguen.cl\/index.php\/wp-json\/wp\/v2\/comments?post=3422"}],"version-history":[{"count":1,"href":"https:\/\/www.colegiovillanonguen.cl\/index.php\/wp-json\/wp\/v2\/posts\/3422\/revisions"}],"predecessor-version":[{"id":3425,"href":"https:\/\/www.colegiovillanonguen.cl\/index.php\/wp-json\/wp\/v2\/posts\/3422\/revisions\/3425"}],"wp:featuredmedia":[{"embeddable":true,"href":"https:\/\/www.colegiovillanonguen.cl\/index.php\/wp-json\/wp\/v2\/media\/3424"}],"wp:attachment":[{"href":"https:\/\/www.colegiovillanonguen.cl\/index.php\/wp-json\/wp\/v2\/media?parent=3422"}],"wp:term":[{"taxonomy":"category","embeddable":true,"href":"https:\/\/www.colegiovillanonguen.cl\/index.php\/wp-json\/wp\/v2\/categories?post=3422"},{"taxonomy":"post_tag","embeddable":true,"href":"https:\/\/www.colegiovillanonguen.cl\/index.php\/wp-json\/wp\/v2\/tags?post=3422"}],"curies":[{"name":"wp","href":"https:\/\/api.w.org\/{rel}","templated":true}]}}