{"id":3254,"date":"2024-05-17T18:07:32","date_gmt":"2024-05-17T18:07:32","guid":{"rendered":"https:\/\/www.colegiovillanonguen.cl\/?p=3254"},"modified":"2024-05-17T18:12:49","modified_gmt":"2024-05-17T18:12:49","slug":"arturo-prat-profesor","status":"publish","type":"post","link":"https:\/\/www.colegiovillanonguen.cl\/index.php\/2024\/05\/17\/arturo-prat-profesor\/","title":{"rendered":"Arturo Prat profesor"},"content":{"rendered":"\n<p>En el marco del Mes del Mar, estudiantes de Sexto a\u00f1o B\u00e1sico participaron\u00a0 en la exhibici\u00f3n del Video Arturo Prat Profesor, el cual pertenece a un documental desarrollado por la Armada de Chile titulado \u00abPrat, el Legado de un Hombre\u00bb\u00a0con miras a la conmemoraci\u00f3n de los pr\u00f3ximos 150 a\u00f1os de la gesta heroica del capit\u00e1n Arturo Prat Chac\u00f3n, ocurrida en la rada de Iquique el 21 de mayo de 1879. Esta actividad se desarroll\u00f3 con la invitaci\u00f3n de la Fundaci\u00f3n Mar de Chile que benefici\u00f3 a cerca de 75 establecimientos de Arica a Punta Arenas.<\/p>\n\n\n<div class=\"wp-block-image\">\n<figure class=\"aligncenter size-large is-resized\"><img loading=\"lazy\" decoding=\"async\" width=\"682\" height=\"1024\" src=\"https:\/\/www.colegiovillanonguen.cl\/wp-content\/uploads\/2024\/05\/Copia-de-Orange-Pink-Modern-Sunset-Beach-Inspiration-Photo-Collage--682x1024.png\" alt=\"\" class=\"wp-image-3255\" style=\"width:682px;height:auto\" srcset=\"https:\/\/www.colegiovillanonguen.cl\/wp-content\/uploads\/2024\/05\/Copia-de-Orange-Pink-Modern-Sunset-Beach-Inspiration-Photo-Collage--682x1024.png 682w, https:\/\/www.colegiovillanonguen.cl\/wp-content\/uploads\/2024\/05\/Copia-de-Orange-Pink-Modern-Sunset-Beach-Inspiration-Photo-Collage--200x300.png 200w, https:\/\/www.colegiovillanonguen.cl\/wp-content\/uploads\/2024\/05\/Copia-de-Orange-Pink-Modern-Sunset-Beach-Inspiration-Photo-Collage--768x1152.png 768w, https:\/\/www.colegiovillanonguen.cl\/wp-content\/uploads\/2024\/05\/Copia-de-Orange-Pink-Modern-Sunset-Beach-Inspiration-Photo-Collage--1024x1536.png 1024w, https:\/\/www.colegiovillanonguen.cl\/wp-content\/uploads\/2024\/05\/Copia-de-Orange-Pink-Modern-Sunset-Beach-Inspiration-Photo-Collage-.png 1333w\" sizes=\"auto, (max-width: 682px) 100vw, 682px\" \/><\/figure>\n<\/div>","protected":false},"excerpt":{"rendered":"<p>En el marco del Mes del Mar, estudiantes de Sexto a\u00f1o B\u00e1sico participaron\u00a0 en la exhibici\u00f3n del Video Arturo Prat Profesor, el cual pertenece a un documental desarrollado por la Armada de Chile titulado \u00abPrat, el Legado de un Hombre\u00bb\u00a0con miras a la conmemoraci\u00f3n de los pr\u00f3ximos 150 a\u00f1os de la gesta heroica del capit\u00e1n [&hellip;]<\/p>\n","protected":false},"author":1,"featured_media":3141,"comment_status":"closed","ping_status":"open","sticky":false,"template":"","format":"standard","meta":{"footnotes":""},"categories":[1],"tags":[],"class_list":["post-3254","post","type-post","status-publish","format-standard","has-post-thumbnail","hentry","category-info"],"_links":{"self":[{"href":"https:\/\/www.colegiovillanonguen.cl\/index.php\/wp-json\/wp\/v2\/posts\/3254","targetHints":{"allow":["GET"]}}],"collection":[{"href":"https:\/\/www.colegiovillanonguen.cl\/index.php\/wp-json\/wp\/v2\/posts"}],"about":[{"href":"https:\/\/www.colegiovillanonguen.cl\/index.php\/wp-json\/wp\/v2\/types\/post"}],"author":[{"embeddable":true,"href":"https:\/\/www.colegiovillanonguen.cl\/index.php\/wp-json\/wp\/v2\/users\/1"}],"replies":[{"embeddable":true,"href":"https:\/\/www.colegiovillanonguen.cl\/index.php\/wp-json\/wp\/v2\/comments?post=3254"}],"version-history":[{"count":1,"href":"https:\/\/www.colegiovillanonguen.cl\/index.php\/wp-json\/wp\/v2\/posts\/3254\/revisions"}],"predecessor-version":[{"id":3256,"href":"https:\/\/www.colegiovillanonguen.cl\/index.php\/wp-json\/wp\/v2\/posts\/3254\/revisions\/3256"}],"wp:featuredmedia":[{"embeddable":true,"href":"https:\/\/www.colegiovillanonguen.cl\/index.php\/wp-json\/wp\/v2\/media\/3141"}],"wp:attachment":[{"href":"https:\/\/www.colegiovillanonguen.cl\/index.php\/wp-json\/wp\/v2\/media?parent=3254"}],"wp:term":[{"taxonomy":"category","embeddable":true,"href":"https:\/\/www.colegiovillanonguen.cl\/index.php\/wp-json\/wp\/v2\/categories?post=3254"},{"taxonomy":"post_tag","embeddable":true,"href":"https:\/\/www.colegiovillanonguen.cl\/index.php\/wp-json\/wp\/v2\/tags?post=3254"}],"curies":[{"name":"wp","href":"https:\/\/api.w.org\/{rel}","templated":true}]}}