{"id":3248,"date":"2024-05-17T13:55:11","date_gmt":"2024-05-17T13:55:11","guid":{"rendered":"https:\/\/www.colegiovillanonguen.cl\/?p=3248"},"modified":"2024-05-17T13:57:35","modified_gmt":"2024-05-17T13:57:35","slug":"modernizacion-del-sistema-de-calefaccion","status":"publish","type":"post","link":"https:\/\/www.colegiovillanonguen.cl\/index.php\/2024\/05\/17\/modernizacion-del-sistema-de-calefaccion\/","title":{"rendered":"Modernizaci\u00f3n del sistema de calefacci\u00f3n"},"content":{"rendered":"\n<p>Estimada Comunidad: Los \u00faltimos d\u00edas han sido de arduo trabajo en el Colegio con el fin de modernizar nuestro sistema de calefacci\u00f3n en las salas de clases. Nos alegra contarles que desde la sala de Prek\u00ednder a S\u00e9ptimo B\u00e1sico se instalaron Calefactores el\u00e9ctricos de carbono, con dos niveles de potencia y sistemas de protecci\u00f3n.<\/p>\n\n\n<div class=\"wp-block-image\">\n<figure class=\"aligncenter size-large is-resized\"><img loading=\"lazy\" decoding=\"async\" width=\"682\" height=\"1024\" src=\"https:\/\/www.colegiovillanonguen.cl\/wp-content\/uploads\/2024\/05\/Orange-Pink-Modern-Sunset-Beach-Inspiration-Photo-Collage-1-1-682x1024.png\" alt=\"\" class=\"wp-image-3251\" style=\"width:423px;height:auto\" srcset=\"https:\/\/www.colegiovillanonguen.cl\/wp-content\/uploads\/2024\/05\/Orange-Pink-Modern-Sunset-Beach-Inspiration-Photo-Collage-1-1-682x1024.png 682w, https:\/\/www.colegiovillanonguen.cl\/wp-content\/uploads\/2024\/05\/Orange-Pink-Modern-Sunset-Beach-Inspiration-Photo-Collage-1-1-200x300.png 200w, https:\/\/www.colegiovillanonguen.cl\/wp-content\/uploads\/2024\/05\/Orange-Pink-Modern-Sunset-Beach-Inspiration-Photo-Collage-1-1-768x1152.png 768w, https:\/\/www.colegiovillanonguen.cl\/wp-content\/uploads\/2024\/05\/Orange-Pink-Modern-Sunset-Beach-Inspiration-Photo-Collage-1-1-1024x1536.png 1024w, https:\/\/www.colegiovillanonguen.cl\/wp-content\/uploads\/2024\/05\/Orange-Pink-Modern-Sunset-Beach-Inspiration-Photo-Collage-1-1.png 1333w\" sizes=\"auto, (max-width: 682px) 100vw, 682px\" \/><\/figure>\n<\/div>","protected":false},"excerpt":{"rendered":"<p>Estimada Comunidad: Los \u00faltimos d\u00edas han sido de arduo trabajo en el Colegio con el fin de modernizar nuestro sistema de calefacci\u00f3n en las salas de clases. Nos alegra contarles que desde la sala de Prek\u00ednder a S\u00e9ptimo B\u00e1sico se instalaron Calefactores el\u00e9ctricos de carbono, con dos niveles de potencia y sistemas de protecci\u00f3n.<\/p>\n","protected":false},"author":1,"featured_media":3253,"comment_status":"closed","ping_status":"open","sticky":false,"template":"","format":"standard","meta":{"footnotes":""},"categories":[1],"tags":[],"class_list":["post-3248","post","type-post","status-publish","format-standard","has-post-thumbnail","hentry","category-info"],"_links":{"self":[{"href":"https:\/\/www.colegiovillanonguen.cl\/index.php\/wp-json\/wp\/v2\/posts\/3248","targetHints":{"allow":["GET"]}}],"collection":[{"href":"https:\/\/www.colegiovillanonguen.cl\/index.php\/wp-json\/wp\/v2\/posts"}],"about":[{"href":"https:\/\/www.colegiovillanonguen.cl\/index.php\/wp-json\/wp\/v2\/types\/post"}],"author":[{"embeddable":true,"href":"https:\/\/www.colegiovillanonguen.cl\/index.php\/wp-json\/wp\/v2\/users\/1"}],"replies":[{"embeddable":true,"href":"https:\/\/www.colegiovillanonguen.cl\/index.php\/wp-json\/wp\/v2\/comments?post=3248"}],"version-history":[{"count":1,"href":"https:\/\/www.colegiovillanonguen.cl\/index.php\/wp-json\/wp\/v2\/posts\/3248\/revisions"}],"predecessor-version":[{"id":3252,"href":"https:\/\/www.colegiovillanonguen.cl\/index.php\/wp-json\/wp\/v2\/posts\/3248\/revisions\/3252"}],"wp:featuredmedia":[{"embeddable":true,"href":"https:\/\/www.colegiovillanonguen.cl\/index.php\/wp-json\/wp\/v2\/media\/3253"}],"wp:attachment":[{"href":"https:\/\/www.colegiovillanonguen.cl\/index.php\/wp-json\/wp\/v2\/media?parent=3248"}],"wp:term":[{"taxonomy":"category","embeddable":true,"href":"https:\/\/www.colegiovillanonguen.cl\/index.php\/wp-json\/wp\/v2\/categories?post=3248"},{"taxonomy":"post_tag","embeddable":true,"href":"https:\/\/www.colegiovillanonguen.cl\/index.php\/wp-json\/wp\/v2\/tags?post=3248"}],"curies":[{"name":"wp","href":"https:\/\/api.w.org\/{rel}","templated":true}]}}