{"id":3017,"date":"2023-10-10T15:45:24","date_gmt":"2023-10-10T15:45:24","guid":{"rendered":"https:\/\/www.colegiovillanonguen.cl\/?p=3017"},"modified":"2023-10-10T15:46:19","modified_gmt":"2023-10-10T15:46:19","slug":"dia-del-asistente-de-la-educacion","status":"publish","type":"post","link":"https:\/\/www.colegiovillanonguen.cl\/index.php\/2023\/10\/10\/dia-del-asistente-de-la-educacion\/","title":{"rendered":"D\u00eda del Asistente de la Educaci\u00f3n"},"content":{"rendered":"\n<p>Estimada Comunidad, el pasado viernes 6 de octubre, nuestra instituci\u00f3n celebr\u00f3 a sus Asistentes de la Educaci\u00f3n en su d\u00eda y como una forma de agradecer su gran labor fueron saludados a su ingreso por nuestro Director, Sr. Vicente Cabrera Ortiz,  profesores, estudiantes y apoderados; para luego, compartir un desayuno preparado con mucho cari\u00f1o por la comunidad.<\/p>\n\n\n\n<p>Compartimos con ustedes una galer\u00eda fotogr\u00e1fica del d\u00eda, pinche en el siguiente enlace: <a href=\"https:\/\/photos.app.goo.gl\/XYaJd6NgvYydFzRi8\" target=\"_blank\" rel=\"noreferrer noopener\">D\u00eda del Asistente<\/a><\/p>\n\n\n\n<p><\/p>\n","protected":false},"excerpt":{"rendered":"<p>Estimada Comunidad, el pasado viernes 6 de octubre, nuestra instituci\u00f3n celebr\u00f3 a sus Asistentes de la Educaci\u00f3n en su d\u00eda y como una forma de agradecer su gran labor fueron saludados a su ingreso por nuestro Director, Sr. Vicente Cabrera Ortiz, profesores, estudiantes y apoderados; para luego, compartir un desayuno preparado con mucho cari\u00f1o por [&hellip;]<\/p>\n","protected":false},"author":1,"featured_media":0,"comment_status":"closed","ping_status":"open","sticky":false,"template":"","format":"standard","meta":{"footnotes":""},"categories":[1],"tags":[],"class_list":["post-3017","post","type-post","status-publish","format-standard","hentry","category-info"],"_links":{"self":[{"href":"https:\/\/www.colegiovillanonguen.cl\/index.php\/wp-json\/wp\/v2\/posts\/3017","targetHints":{"allow":["GET"]}}],"collection":[{"href":"https:\/\/www.colegiovillanonguen.cl\/index.php\/wp-json\/wp\/v2\/posts"}],"about":[{"href":"https:\/\/www.colegiovillanonguen.cl\/index.php\/wp-json\/wp\/v2\/types\/post"}],"author":[{"embeddable":true,"href":"https:\/\/www.colegiovillanonguen.cl\/index.php\/wp-json\/wp\/v2\/users\/1"}],"replies":[{"embeddable":true,"href":"https:\/\/www.colegiovillanonguen.cl\/index.php\/wp-json\/wp\/v2\/comments?post=3017"}],"version-history":[{"count":1,"href":"https:\/\/www.colegiovillanonguen.cl\/index.php\/wp-json\/wp\/v2\/posts\/3017\/revisions"}],"predecessor-version":[{"id":3018,"href":"https:\/\/www.colegiovillanonguen.cl\/index.php\/wp-json\/wp\/v2\/posts\/3017\/revisions\/3018"}],"wp:attachment":[{"href":"https:\/\/www.colegiovillanonguen.cl\/index.php\/wp-json\/wp\/v2\/media?parent=3017"}],"wp:term":[{"taxonomy":"category","embeddable":true,"href":"https:\/\/www.colegiovillanonguen.cl\/index.php\/wp-json\/wp\/v2\/categories?post=3017"},{"taxonomy":"post_tag","embeddable":true,"href":"https:\/\/www.colegiovillanonguen.cl\/index.php\/wp-json\/wp\/v2\/tags?post=3017"}],"curies":[{"name":"wp","href":"https:\/\/api.w.org\/{rel}","templated":true}]}}