{"id":2989,"date":"2023-09-08T12:14:45","date_gmt":"2023-09-08T12:14:45","guid":{"rendered":"https:\/\/www.colegiovillanonguen.cl\/?p=2989"},"modified":"2023-09-08T12:15:11","modified_gmt":"2023-09-08T12:15:11","slug":"cafe-literario-en-cvn","status":"publish","type":"post","link":"https:\/\/www.colegiovillanonguen.cl\/index.php\/2023\/09\/08\/cafe-literario-en-cvn\/","title":{"rendered":"Caf\u00e9 Literario en CVN"},"content":{"rendered":"\n<p>Estimada comunidad: el mi\u00e9rcoles 6 de septiembre de este a\u00f1o, y en el marco del vig\u00e9simo aniversario de nuestro Colegio, se realiz\u00f3 el caf\u00e9 literario \u00abCVN:\u00a020\u00a0a\u00f1os\u00a0haciendo\u00a0historia\u00bb, actividad que tuvo como finalidad fomentar el gusto por la lectura mediante un concurso de fotograf\u00eda digital y escritura de cr\u00f3nicas literarias, potenciando la creatividad de nuestros estudiantes.<\/p>\n\n\n\n<p>La actividad cont\u00f3 con la participaci\u00f3n de representantes de toda nuestra comunidad educativa: familias, estudiantes, profesores, profesoras, paradocentes y equipo directivo, y en el que se premiaron a las ganadoras en las distintas categor\u00edas del concurso organizado por el Departamento de Lenguaje y Comunicaci\u00f3n junto con la Biblioteca CRA del Colegio Villa Nongu\u00e9n de Concepci\u00f3n.<\/p>\n\n\n\n<p>Para ver el registro fotogr\u00e1fico del evento, piche sobre el siguiente enlace: <a href=\"https:\/\/photos.app.goo.gl\/AxMRSW3sW1EYi8DWA\" target=\"_blank\" rel=\"noreferrer noopener\">Caf\u00e9 Literario<\/a><\/p>\n","protected":false},"excerpt":{"rendered":"<p>Estimada comunidad: el mi\u00e9rcoles 6 de septiembre de este a\u00f1o, y en el marco del vig\u00e9simo aniversario de nuestro Colegio, se realiz\u00f3 el caf\u00e9 literario \u00abCVN:\u00a020\u00a0a\u00f1os\u00a0haciendo\u00a0historia\u00bb, actividad que tuvo como finalidad fomentar el gusto por la lectura mediante un concurso de fotograf\u00eda digital y escritura de cr\u00f3nicas literarias, potenciando la creatividad de nuestros estudiantes. La [&hellip;]<\/p>\n","protected":false},"author":1,"featured_media":0,"comment_status":"closed","ping_status":"open","sticky":false,"template":"","format":"standard","meta":{"footnotes":""},"categories":[1],"tags":[],"class_list":["post-2989","post","type-post","status-publish","format-standard","hentry","category-info"],"_links":{"self":[{"href":"https:\/\/www.colegiovillanonguen.cl\/index.php\/wp-json\/wp\/v2\/posts\/2989","targetHints":{"allow":["GET"]}}],"collection":[{"href":"https:\/\/www.colegiovillanonguen.cl\/index.php\/wp-json\/wp\/v2\/posts"}],"about":[{"href":"https:\/\/www.colegiovillanonguen.cl\/index.php\/wp-json\/wp\/v2\/types\/post"}],"author":[{"embeddable":true,"href":"https:\/\/www.colegiovillanonguen.cl\/index.php\/wp-json\/wp\/v2\/users\/1"}],"replies":[{"embeddable":true,"href":"https:\/\/www.colegiovillanonguen.cl\/index.php\/wp-json\/wp\/v2\/comments?post=2989"}],"version-history":[{"count":1,"href":"https:\/\/www.colegiovillanonguen.cl\/index.php\/wp-json\/wp\/v2\/posts\/2989\/revisions"}],"predecessor-version":[{"id":2990,"href":"https:\/\/www.colegiovillanonguen.cl\/index.php\/wp-json\/wp\/v2\/posts\/2989\/revisions\/2990"}],"wp:attachment":[{"href":"https:\/\/www.colegiovillanonguen.cl\/index.php\/wp-json\/wp\/v2\/media?parent=2989"}],"wp:term":[{"taxonomy":"category","embeddable":true,"href":"https:\/\/www.colegiovillanonguen.cl\/index.php\/wp-json\/wp\/v2\/categories?post=2989"},{"taxonomy":"post_tag","embeddable":true,"href":"https:\/\/www.colegiovillanonguen.cl\/index.php\/wp-json\/wp\/v2\/tags?post=2989"}],"curies":[{"name":"wp","href":"https:\/\/api.w.org\/{rel}","templated":true}]}}