{"id":2984,"date":"2023-09-07T14:52:24","date_gmt":"2023-09-07T14:52:24","guid":{"rendered":"https:\/\/www.colegiovillanonguen.cl\/?p=2984"},"modified":"2023-09-07T14:52:26","modified_gmt":"2023-09-07T14:52:26","slug":"visita-institucional-cvn-a-duoc","status":"publish","type":"post","link":"https:\/\/www.colegiovillanonguen.cl\/index.php\/2023\/09\/07\/visita-institucional-cvn-a-duoc\/","title":{"rendered":"Visita institucional CVN a DUOC"},"content":{"rendered":"\n<p>Estimada Comunidad Educativa,&nbsp;<\/p>\n\n\n\n<p>Nos es muy grato informarles que este martes 05 de septiembre se celebr\u00f3 un encuentro entre nuestro Director, Sr. Vicente Cabrera Ortiz,&nbsp;y los docentes de DUOC sede Concepci\u00f3n,&nbsp;Sr. Gerardo Gal\u00e1n, Coordinador del Centro de innovaci\u00f3n y Transferencia&nbsp;Tecnol\u00f3gica&nbsp;(CITT),&nbsp;Sra. Marcela Ar\u00e9valo, Directora de carreras de la Escuela de Inform\u00e1tica y Telecomunicaciones y el Sr.&nbsp;Cristhian Beltr\u00e1n, docente de Ingenier\u00eda e integrante&nbsp;del CITT.&nbsp;En esta instancia fueron saludados tambi\u00e9n por el Coordinador Nacional de CITT, Sr. Mario Zapata.<\/p>\n\n\n\n<p>El foco de la reuni\u00f3n de trabajo fue gestionar un convenio entre ambas instituciones, con el objetivo de generar nuevos \u00e1mbitos de aprendizaje tecnol\u00f3gico para nuestros&nbsp;docentes y estudiantes al alero de una reconocida instituci\u00f3n de Educaci\u00f3n Superior y, asimismo, ofrecer, por nuestra parte, espacios de difusi\u00f3n y vinculaci\u00f3n con el medio para DUOC.&nbsp;<\/p>\n\n\n\n<p>En la oportunidad, nuestro Director fue acompa\u00f1ado por la Profesora Alejandra Casanueva, Jefe de UTP y el Profesor Juan Carlos Saavedra, Coordinador de Innovaci\u00f3n y Emprendimiento, quienes tuvieron la oportunidad de recorrer las instalaciones de DUOC y conversar con docentes y estudiantes.<\/p>\n\n\n<div class=\"wp-block-image\">\n<figure class=\"aligncenter size-large is-resized\"><img loading=\"lazy\" decoding=\"async\" src=\"https:\/\/www.colegiovillanonguen.cl\/wp-content\/uploads\/2023\/09\/CITT-2-768x1024.jpg\" alt=\"\" class=\"wp-image-2987\" width=\"306\" height=\"408\" srcset=\"https:\/\/www.colegiovillanonguen.cl\/wp-content\/uploads\/2023\/09\/CITT-2-768x1024.jpg 768w, https:\/\/www.colegiovillanonguen.cl\/wp-content\/uploads\/2023\/09\/CITT-2-225x300.jpg 225w, https:\/\/www.colegiovillanonguen.cl\/wp-content\/uploads\/2023\/09\/CITT-2.jpg 960w\" sizes=\"auto, (max-width: 306px) 100vw, 306px\" \/><\/figure>\n<\/div>","protected":false},"excerpt":{"rendered":"<p>Estimada Comunidad Educativa,&nbsp; Nos es muy grato informarles que este martes 05 de septiembre se celebr\u00f3 un encuentro entre nuestro Director, Sr. Vicente Cabrera Ortiz,&nbsp;y los docentes de DUOC sede Concepci\u00f3n,&nbsp;Sr. Gerardo Gal\u00e1n, Coordinador del Centro de innovaci\u00f3n y Transferencia&nbsp;Tecnol\u00f3gica&nbsp;(CITT),&nbsp;Sra. Marcela Ar\u00e9valo, Directora de carreras de la Escuela de Inform\u00e1tica y Telecomunicaciones y el Sr.&nbsp;Cristhian [&hellip;]<\/p>\n","protected":false},"author":1,"featured_media":0,"comment_status":"closed","ping_status":"open","sticky":false,"template":"","format":"standard","meta":{"footnotes":""},"categories":[1],"tags":[],"class_list":["post-2984","post","type-post","status-publish","format-standard","hentry","category-info"],"_links":{"self":[{"href":"https:\/\/www.colegiovillanonguen.cl\/index.php\/wp-json\/wp\/v2\/posts\/2984","targetHints":{"allow":["GET"]}}],"collection":[{"href":"https:\/\/www.colegiovillanonguen.cl\/index.php\/wp-json\/wp\/v2\/posts"}],"about":[{"href":"https:\/\/www.colegiovillanonguen.cl\/index.php\/wp-json\/wp\/v2\/types\/post"}],"author":[{"embeddable":true,"href":"https:\/\/www.colegiovillanonguen.cl\/index.php\/wp-json\/wp\/v2\/users\/1"}],"replies":[{"embeddable":true,"href":"https:\/\/www.colegiovillanonguen.cl\/index.php\/wp-json\/wp\/v2\/comments?post=2984"}],"version-history":[{"count":1,"href":"https:\/\/www.colegiovillanonguen.cl\/index.php\/wp-json\/wp\/v2\/posts\/2984\/revisions"}],"predecessor-version":[{"id":2988,"href":"https:\/\/www.colegiovillanonguen.cl\/index.php\/wp-json\/wp\/v2\/posts\/2984\/revisions\/2988"}],"wp:attachment":[{"href":"https:\/\/www.colegiovillanonguen.cl\/index.php\/wp-json\/wp\/v2\/media?parent=2984"}],"wp:term":[{"taxonomy":"category","embeddable":true,"href":"https:\/\/www.colegiovillanonguen.cl\/index.php\/wp-json\/wp\/v2\/categories?post=2984"},{"taxonomy":"post_tag","embeddable":true,"href":"https:\/\/www.colegiovillanonguen.cl\/index.php\/wp-json\/wp\/v2\/tags?post=2984"}],"curies":[{"name":"wp","href":"https:\/\/api.w.org\/{rel}","templated":true}]}}