{"id":2899,"date":"2023-06-07T12:56:50","date_gmt":"2023-06-07T12:56:50","guid":{"rendered":"https:\/\/www.colegiovillanonguen.cl\/?p=2899"},"modified":"2023-06-07T12:56:51","modified_gmt":"2023-06-07T12:56:51","slug":"vista-a-la-ucsc","status":"publish","type":"post","link":"https:\/\/www.colegiovillanonguen.cl\/index.php\/2023\/06\/07\/vista-a-la-ucsc\/","title":{"rendered":"Vista a la UCSC"},"content":{"rendered":"\n<p>Estudiantes de 1\u00b0 a 4\u00b0 a\u00f1o Medio de nuestro establecimiento, visitaron el campus San Andr\u00e9s de la Universidad Cat\u00f3lica de la Sant\u00edsima Concepci\u00f3n y fueron parte de una clase en la carrera de Ingenier\u00eda Civil Inform\u00e1tica dada por el docente V\u00edctor Neira, quien tambi\u00e9n es profesor de nuestro Colegio; adem\u00e1s de asistir a charlas de difusi\u00f3n y recorridos por las dependencias de la UCSC que incluyeron facultades y laboratorios<\/p>\n\n\n\n<p>Los invitamos a ver el registro de la actividad, pinchando sobre la siguiente fotograf\u00eda:<\/p>\n\n\n<div class=\"wp-block-image\">\n<figure class=\"aligncenter size-large is-resized\"><a href=\"https:\/\/photos.app.goo.gl\/taVprGC1vmXPxNxx8\" target=\"_blank\" rel=\"noreferrer noopener\"><img loading=\"lazy\" decoding=\"async\" src=\"https:\/\/www.colegiovillanonguen.cl\/wp-content\/uploads\/2023\/06\/WhatsApp-Image-2023-06-06-at-08.59.20-1-1024x768.jpeg\" alt=\"\" class=\"wp-image-2900\" width=\"512\" height=\"384\" srcset=\"https:\/\/www.colegiovillanonguen.cl\/wp-content\/uploads\/2023\/06\/WhatsApp-Image-2023-06-06-at-08.59.20-1-1024x768.jpeg 1024w, https:\/\/www.colegiovillanonguen.cl\/wp-content\/uploads\/2023\/06\/WhatsApp-Image-2023-06-06-at-08.59.20-1-300x225.jpeg 300w, https:\/\/www.colegiovillanonguen.cl\/wp-content\/uploads\/2023\/06\/WhatsApp-Image-2023-06-06-at-08.59.20-1-768x576.jpeg 768w, https:\/\/www.colegiovillanonguen.cl\/wp-content\/uploads\/2023\/06\/WhatsApp-Image-2023-06-06-at-08.59.20-1-1536x1152.jpeg 1536w, https:\/\/www.colegiovillanonguen.cl\/wp-content\/uploads\/2023\/06\/WhatsApp-Image-2023-06-06-at-08.59.20-1-400x300.jpeg 400w, https:\/\/www.colegiovillanonguen.cl\/wp-content\/uploads\/2023\/06\/WhatsApp-Image-2023-06-06-at-08.59.20-1.jpeg 1600w\" sizes=\"auto, (max-width: 512px) 100vw, 512px\" \/><\/a><\/figure>\n<\/div>","protected":false},"excerpt":{"rendered":"<p>Estudiantes de 1\u00b0 a 4\u00b0 a\u00f1o Medio de nuestro establecimiento, visitaron el campus San Andr\u00e9s de la Universidad Cat\u00f3lica de la Sant\u00edsima Concepci\u00f3n y fueron parte de una clase en la carrera de Ingenier\u00eda Civil Inform\u00e1tica dada por el docente V\u00edctor Neira, quien tambi\u00e9n es profesor de nuestro Colegio; adem\u00e1s de asistir a charlas de [&hellip;]<\/p>\n","protected":false},"author":1,"featured_media":0,"comment_status":"closed","ping_status":"open","sticky":false,"template":"","format":"standard","meta":{"footnotes":""},"categories":[1],"tags":[],"class_list":["post-2899","post","type-post","status-publish","format-standard","hentry","category-info"],"_links":{"self":[{"href":"https:\/\/www.colegiovillanonguen.cl\/index.php\/wp-json\/wp\/v2\/posts\/2899","targetHints":{"allow":["GET"]}}],"collection":[{"href":"https:\/\/www.colegiovillanonguen.cl\/index.php\/wp-json\/wp\/v2\/posts"}],"about":[{"href":"https:\/\/www.colegiovillanonguen.cl\/index.php\/wp-json\/wp\/v2\/types\/post"}],"author":[{"embeddable":true,"href":"https:\/\/www.colegiovillanonguen.cl\/index.php\/wp-json\/wp\/v2\/users\/1"}],"replies":[{"embeddable":true,"href":"https:\/\/www.colegiovillanonguen.cl\/index.php\/wp-json\/wp\/v2\/comments?post=2899"}],"version-history":[{"count":1,"href":"https:\/\/www.colegiovillanonguen.cl\/index.php\/wp-json\/wp\/v2\/posts\/2899\/revisions"}],"predecessor-version":[{"id":2901,"href":"https:\/\/www.colegiovillanonguen.cl\/index.php\/wp-json\/wp\/v2\/posts\/2899\/revisions\/2901"}],"wp:attachment":[{"href":"https:\/\/www.colegiovillanonguen.cl\/index.php\/wp-json\/wp\/v2\/media?parent=2899"}],"wp:term":[{"taxonomy":"category","embeddable":true,"href":"https:\/\/www.colegiovillanonguen.cl\/index.php\/wp-json\/wp\/v2\/categories?post=2899"},{"taxonomy":"post_tag","embeddable":true,"href":"https:\/\/www.colegiovillanonguen.cl\/index.php\/wp-json\/wp\/v2\/tags?post=2899"}],"curies":[{"name":"wp","href":"https:\/\/api.w.org\/{rel}","templated":true}]}}