{"id":2769,"date":"2022-12-14T22:26:27","date_gmt":"2022-12-14T22:26:27","guid":{"rendered":"https:\/\/www.colegiovillanonguen.cl\/?p=2769"},"modified":"2022-12-14T22:28:50","modified_gmt":"2022-12-14T22:28:50","slug":"cvn-en-red-de-colegios-para-la-innovacion","status":"publish","type":"post","link":"https:\/\/www.colegiovillanonguen.cl\/index.php\/2022\/12\/14\/cvn-en-red-de-colegios-para-la-innovacion\/","title":{"rendered":"CVN en Red de Colegios para la Innovaci\u00f3n"},"content":{"rendered":"\n<p>Estimada Comiunidad: Junto con saludarles, tenemos el agrado de informarles que nuestro colegio fue seleccionado como uno de los dos colegios de la comuna para conformar la Red de Colegios para la innovaci\u00f3n y la competitividad regional en el siglo XXI, <strong>Educa-Innova Biob\u00edo, <\/strong>iniciativa financiada por el <strong>Gobierno Regional del Biob\u00edo<\/strong>, la que ser\u00e1 ejecutada durante 2023 por la <strong>Fundaci\u00f3n Educaci\u00f3n 2020.<\/strong><\/p>\n\n\n\n<p>Hoy participamos en el hito de lanzamiento de esta nuevo proyecto donde podremos demostrar todas nuestras capacidades como comunidad. En la firma del convenio particip\u00f3 nuestro Director acompa\u00f1ado por profesores de asignaturas, un representante del Centro General de Padres y por dos estudiantes del Primer a\u00f1o Medio, curso donde se desarrollar\u00e1 el proyecto el pr\u00f3ximo a\u00f1o.<\/p>\n\n\n\n<p>Dejamos una serie fotogr\u00e1fica del evento, pinchando la siguiente imagen.<\/p>\n\n\n\n<div class=\"wp-block-image\"><figure class=\"aligncenter size-large is-resized\"><a href=\"https:\/\/photos.app.goo.gl\/iCkeWJpD76DZNYbu5\" target=\"_blank\" rel=\"noopener\"><img loading=\"lazy\" decoding=\"async\" src=\"https:\/\/www.colegiovillanonguen.cl\/wp-content\/uploads\/2022\/12\/D75A2088-B8CA-4806-A81B-D57A2590BA74_20221214111458-1024x844.jpg\" alt=\"\" class=\"wp-image-2770\" width=\"384\" height=\"316\" srcset=\"https:\/\/www.colegiovillanonguen.cl\/wp-content\/uploads\/2022\/12\/D75A2088-B8CA-4806-A81B-D57A2590BA74_20221214111458-1024x844.jpg 1024w, https:\/\/www.colegiovillanonguen.cl\/wp-content\/uploads\/2022\/12\/D75A2088-B8CA-4806-A81B-D57A2590BA74_20221214111458-300x247.jpg 300w, https:\/\/www.colegiovillanonguen.cl\/wp-content\/uploads\/2022\/12\/D75A2088-B8CA-4806-A81B-D57A2590BA74_20221214111458-768x633.jpg 768w, https:\/\/www.colegiovillanonguen.cl\/wp-content\/uploads\/2022\/12\/D75A2088-B8CA-4806-A81B-D57A2590BA74_20221214111458-1536x1267.jpg 1536w, https:\/\/www.colegiovillanonguen.cl\/wp-content\/uploads\/2022\/12\/D75A2088-B8CA-4806-A81B-D57A2590BA74_20221214111458-2048x1689.jpg 2048w\" sizes=\"auto, (max-width: 384px) 100vw, 384px\" \/><\/a><\/figure><\/div>\n","protected":false},"excerpt":{"rendered":"<p>Estimada Comiunidad: Junto con saludarles, tenemos el agrado de informarles que nuestro colegio fue seleccionado como uno de los dos colegios de la comuna para conformar la Red de Colegios para la innovaci\u00f3n y la competitividad regional en el siglo XXI, Educa-Innova Biob\u00edo, iniciativa financiada por el Gobierno Regional del Biob\u00edo, la que ser\u00e1 ejecutada [&hellip;]<\/p>\n","protected":false},"author":1,"featured_media":0,"comment_status":"closed","ping_status":"open","sticky":false,"template":"","format":"standard","meta":{"footnotes":""},"categories":[1],"tags":[],"class_list":["post-2769","post","type-post","status-publish","format-standard","hentry","category-info"],"_links":{"self":[{"href":"https:\/\/www.colegiovillanonguen.cl\/index.php\/wp-json\/wp\/v2\/posts\/2769","targetHints":{"allow":["GET"]}}],"collection":[{"href":"https:\/\/www.colegiovillanonguen.cl\/index.php\/wp-json\/wp\/v2\/posts"}],"about":[{"href":"https:\/\/www.colegiovillanonguen.cl\/index.php\/wp-json\/wp\/v2\/types\/post"}],"author":[{"embeddable":true,"href":"https:\/\/www.colegiovillanonguen.cl\/index.php\/wp-json\/wp\/v2\/users\/1"}],"replies":[{"embeddable":true,"href":"https:\/\/www.colegiovillanonguen.cl\/index.php\/wp-json\/wp\/v2\/comments?post=2769"}],"version-history":[{"count":1,"href":"https:\/\/www.colegiovillanonguen.cl\/index.php\/wp-json\/wp\/v2\/posts\/2769\/revisions"}],"predecessor-version":[{"id":2771,"href":"https:\/\/www.colegiovillanonguen.cl\/index.php\/wp-json\/wp\/v2\/posts\/2769\/revisions\/2771"}],"wp:attachment":[{"href":"https:\/\/www.colegiovillanonguen.cl\/index.php\/wp-json\/wp\/v2\/media?parent=2769"}],"wp:term":[{"taxonomy":"category","embeddable":true,"href":"https:\/\/www.colegiovillanonguen.cl\/index.php\/wp-json\/wp\/v2\/categories?post=2769"},{"taxonomy":"post_tag","embeddable":true,"href":"https:\/\/www.colegiovillanonguen.cl\/index.php\/wp-json\/wp\/v2\/tags?post=2769"}],"curies":[{"name":"wp","href":"https:\/\/api.w.org\/{rel}","templated":true}]}}