{"id":2608,"date":"2022-10-18T14:56:13","date_gmt":"2022-10-18T14:56:13","guid":{"rendered":"https:\/\/www.colegiovillanonguen.cl\/?p=2608"},"modified":"2022-10-18T14:58:55","modified_gmt":"2022-10-18T14:58:55","slug":"cvn-en-los-medios-de-comunicacion","status":"publish","type":"post","link":"https:\/\/www.colegiovillanonguen.cl\/index.php\/2022\/10\/18\/cvn-en-los-medios-de-comunicacion\/","title":{"rendered":"CVN en los Medios de Comunicaci\u00f3n"},"content":{"rendered":"\n<p>Estimada Comunidad, como publicamos anteriormente, el Ministerio de Educaci\u00f3n dio inicio a la Segunda Jornada de Educaci\u00f3n No Sexista en nuestro Colegio. <\/p>\n\n\n\n<p>Hoy, en distintos medios de comunicaci\u00f3n locales escritos, virtuales y de radio se inform\u00f3 de la noticia, haciendo hincapi\u00e9 que el lanzamiento de la Jornada fue en nuestro establecimiento, un motivo de gran orgullo.<\/p>\n\n\n\n<p>Compartimos los distintos enlaces de los medios de comunicaci\u00f3n para que puedan visitarlo. <\/p>\n\n\n\n<figure class=\"wp-block-table\"><table><tbody><tr><td><a rel=\"noreferrer noopener\" href=\"https:\/\/nam02.safelinks.protection.outlook.com\/?url=https%3A%2F%2Fassets.diarioconcepcion.cl%2F2022%2F10%2FDiario-Concepci%25C3%25B3n-18-10-2022.pdf&amp;data=05%7C01%7Crodrigo.barahona%40mineduc.cl%7C828704efa1c648d9cc6508dab111e1dd%7C2e4cfe500580414093874ecde39def60%7C0%7C0%7C638016987628102102%7CUnknown%7CTWFpbGZsb3d8eyJWIjoiMC4wLjAwMDAiLCJQIjoiV2luMzIiLCJBTiI6Ik1haWwiLCJXVCI6Mn0%3D%7C3000%7C%7C%7C&amp;sdata=IpzuWYto%2BdFS8NtEssVRXC5H82l68pDNVOg3VPdbNoU%3D&amp;reserved=0\" target=\"_blank\">DIARIOCONCEPCION<\/a><br><a rel=\"noreferrer noopener\" href=\"https:\/\/nam02.safelinks.protection.outlook.com\/?url=https%3A%2F%2Fwww.elsur.cl%2Fimpresa%2F2022%2F10%2F18%2Ffull%2Fcuerpo-principal%2F4%2F&amp;data=05%7C01%7Crodrigo.barahona%40mineduc.cl%7C828704efa1c648d9cc6508dab111e1dd%7C2e4cfe500580414093874ecde39def60%7C0%7C0%7C638016987628102102%7CUnknown%7CTWFpbGZsb3d8eyJWIjoiMC4wLjAwMDAiLCJQIjoiV2luMzIiLCJBTiI6Ik1haWwiLCJXVCI6Mn0%3D%7C3000%7C%7C%7C&amp;sdata=deoxdkOOvxB2Eik4MEPUi4ccK7Bwpm8za5HERfO7LY0%3D&amp;reserved=0\" target=\"_blank\">DIARIOELSUR<\/a><br><a rel=\"noreferrer noopener\" href=\"https:\/\/nam02.safelinks.protection.outlook.com\/?url=https%3A%2F%2Fwww.estrellaconcepcion.cl%2Fimpresa%2F2022%2F10%2F18%2Ffull%2Fcuerpo-principal%2F6%2F&amp;data=05%7C01%7Crodrigo.barahona%40mineduc.cl%7C828704efa1c648d9cc6508dab111e1dd%7C2e4cfe500580414093874ecde39def60%7C0%7C0%7C638016987628102102%7CUnknown%7CTWFpbGZsb3d8eyJWIjoiMC4wLjAwMDAiLCJQIjoiV2luMzIiLCJBTiI6Ik1haWwiLCJXVCI6Mn0%3D%7C3000%7C%7C%7C&amp;sdata=X5La38udJa3ERJV9mRz3ow02OuTOk%2BpoarDvTCddf6Q%3D&amp;reserved=0\" target=\"_blank\">DIARIOLAESTRELLA<\/a><br><a rel=\"noreferrer noopener\" href=\"https:\/\/nam02.safelinks.protection.outlook.com\/?url=https%3A%2F%2Fwww.radioudec.cl%2Fautoridades-dieron-inicio-a-la-segunda-jornada-hacia-una-educacion-no-sexista%2F&amp;data=05%7C01%7Crodrigo.barahona%40mineduc.cl%7C828704efa1c648d9cc6508dab111e1dd%7C2e4cfe500580414093874ecde39def60%7C0%7C0%7C638016987628102102%7CUnknown%7CTWFpbGZsb3d8eyJWIjoiMC4wLjAwMDAiLCJQIjoiV2luMzIiLCJBTiI6Ik1haWwiLCJXVCI6Mn0%3D%7C3000%7C%7C%7C&amp;sdata=Xz%2FArGbN4sJbs3FTKKr07mHA7qmtYB7nAxOaaNZFgxA%3D&amp;reserved=0\" target=\"_blank\">RADIOUNIVERSIDADDECONCEPCION<\/a><br><a rel=\"noreferrer noopener\" href=\"https:\/\/nam02.safelinks.protection.outlook.com\/?url=https%3A%2F%2Fwww.chillanonline.cl%2FV6%2Fen-el-colegio-villa-nonguen-autoridades-dan-inicio-a-la-segunda-jornada-hacia-una-educacion-no-sexista%2F&amp;data=05%7C01%7Crodrigo.barahona%40mineduc.cl%7C828704efa1c648d9cc6508dab111e1dd%7C2e4cfe500580414093874ecde39def60%7C0%7C0%7C638016987628102102%7CUnknown%7CTWFpbGZsb3d8eyJWIjoiMC4wLjAwMDAiLCJQIjoiV2luMzIiLCJBTiI6Ik1haWwiLCJXVCI6Mn0%3D%7C3000%7C%7C%7C&amp;sdata=%2BxC8bKQ97H9SLBv1kr82VA%2Fh6ezxCqamABrC5i%2FwyHc%3D&amp;reserved=0\" target=\"_blank\">CHILLANONLINE<\/a> <br><a rel=\"noreferrer noopener\" href=\"https:\/\/nam02.safelinks.protection.outlook.com\/?url=https%3A%2F%2Fwww.centralweb.cl%2Fen-el-colegio-villa-nonguen-autoridades-dan-inicio-a-la-segunda-jornada-hacia-una-educacion-no-sexista%2F&amp;data=05%7C01%7Crodrigo.barahona%40mineduc.cl%7C828704efa1c648d9cc6508dab111e1dd%7C2e4cfe500580414093874ecde39def60%7C0%7C0%7C638016987628102102%7CUnknown%7CTWFpbGZsb3d8eyJWIjoiMC4wLjAwMDAiLCJQIjoiV2luMzIiLCJBTiI6Ik1haWwiLCJXVCI6Mn0%3D%7C3000%7C%7C%7C&amp;sdata=y1viN8%2FEULCCfOMCcApBdMPhOrXfwHgKmCB%2FXGDQZTY%3D&amp;reserved=0\" target=\"_blank\">CENTRALWEB<\/a> <br><a rel=\"noreferrer noopener\" href=\"https:\/\/nam02.safelinks.protection.outlook.com\/?url=https%3A%2F%2Fportaleduca.cl%2Fen-el-colegio-villa-nonguen-autoridades-dan-inicio-a-la-segunda-jornada-hacia-una-educacion-no-sexista%2F&amp;data=05%7C01%7Crodrigo.barahona%40mineduc.cl%7C828704efa1c648d9cc6508dab111e1dd%7C2e4cfe500580414093874ecde39def60%7C0%7C0%7C638016987628102102%7CUnknown%7CTWFpbGZsb3d8eyJWIjoiMC4wLjAwMDAiLCJQIjoiV2luMzIiLCJBTiI6Ik1haWwiLCJXVCI6Mn0%3D%7C3000%7C%7C%7C&amp;sdata=FMLDEEOXSj%2FCTAdEYOYkC6%2Bo%2FfACxfkXnb0Mf2HRbZc%3D&amp;reserved=0\" target=\"_blank\">PORTALEDUCA<\/a><br><a rel=\"noreferrer noopener\" href=\"https:\/\/nam02.safelinks.protection.outlook.com\/?url=https%3A%2F%2Fwww.facebook.com%2Fcuranilahuetv%2Fposts%2Fpfbid02vN3ihvCN4JH4dUpN5riXnYsBnHAD8aA6b7JbucWosZdiaEdzut3s4P7KtsiuWrnEl&amp;data=05%7C01%7Crodrigo.barahona%40mineduc.cl%7C828704efa1c648d9cc6508dab111e1dd%7C2e4cfe500580414093874ecde39def60%7C0%7C0%7C638016987628102102%7CUnknown%7CTWFpbGZsb3d8eyJWIjoiMC4wLjAwMDAiLCJQIjoiV2luMzIiLCJBTiI6Ik1haWwiLCJXVCI6Mn0%3D%7C3000%7C%7C%7C&amp;sdata=AVGgz39i8vYxD3etjqEzFdFnUMkGiiXB%2FDbLu2RCsEI%3D&amp;reserved=0\" target=\"_blank\">CURANILAHUETV<\/a> &nbsp;<\/td><\/tr><\/tbody><\/table><\/figure>\n","protected":false},"excerpt":{"rendered":"<p>Estimada Comunidad, como publicamos anteriormente, el Ministerio de Educaci\u00f3n dio inicio a la Segunda Jornada de Educaci\u00f3n No Sexista en nuestro Colegio. Hoy, en distintos medios de comunicaci\u00f3n locales escritos, virtuales y de radio se inform\u00f3 de la noticia, haciendo hincapi\u00e9 que el lanzamiento de la Jornada fue en nuestro establecimiento, un motivo de gran [&hellip;]<\/p>\n","protected":false},"author":1,"featured_media":0,"comment_status":"closed","ping_status":"open","sticky":false,"template":"","format":"standard","meta":{"footnotes":""},"categories":[1],"tags":[],"class_list":["post-2608","post","type-post","status-publish","format-standard","hentry","category-info"],"_links":{"self":[{"href":"https:\/\/www.colegiovillanonguen.cl\/index.php\/wp-json\/wp\/v2\/posts\/2608","targetHints":{"allow":["GET"]}}],"collection":[{"href":"https:\/\/www.colegiovillanonguen.cl\/index.php\/wp-json\/wp\/v2\/posts"}],"about":[{"href":"https:\/\/www.colegiovillanonguen.cl\/index.php\/wp-json\/wp\/v2\/types\/post"}],"author":[{"embeddable":true,"href":"https:\/\/www.colegiovillanonguen.cl\/index.php\/wp-json\/wp\/v2\/users\/1"}],"replies":[{"embeddable":true,"href":"https:\/\/www.colegiovillanonguen.cl\/index.php\/wp-json\/wp\/v2\/comments?post=2608"}],"version-history":[{"count":4,"href":"https:\/\/www.colegiovillanonguen.cl\/index.php\/wp-json\/wp\/v2\/posts\/2608\/revisions"}],"predecessor-version":[{"id":2885,"href":"https:\/\/www.colegiovillanonguen.cl\/index.php\/wp-json\/wp\/v2\/posts\/2608\/revisions\/2885"}],"wp:attachment":[{"href":"https:\/\/www.colegiovillanonguen.cl\/index.php\/wp-json\/wp\/v2\/media?parent=2608"}],"wp:term":[{"taxonomy":"category","embeddable":true,"href":"https:\/\/www.colegiovillanonguen.cl\/index.php\/wp-json\/wp\/v2\/categories?post=2608"},{"taxonomy":"post_tag","embeddable":true,"href":"https:\/\/www.colegiovillanonguen.cl\/index.php\/wp-json\/wp\/v2\/tags?post=2608"}],"curies":[{"name":"wp","href":"https:\/\/api.w.org\/{rel}","templated":true}]}}