{"id":2510,"date":"2022-06-01T00:19:39","date_gmt":"2022-06-01T00:19:39","guid":{"rendered":"https:\/\/www.colegiovillanonguen.cl\/?p=2510"},"modified":"2022-06-01T00:19:41","modified_gmt":"2022-06-01T00:19:41","slug":"visita-del-director-de-pinacoteca-udec","status":"publish","type":"post","link":"https:\/\/www.colegiovillanonguen.cl\/index.php\/2022\/06\/01\/visita-del-director-de-pinacoteca-udec\/","title":{"rendered":"Visita del Director de Pinacoteca UdeC"},"content":{"rendered":"\n<p>En el marco de la celebraci\u00f3n de la Semana de la Educaci\u00f3n Art\u00edstica, recibimos la visita del director de la Pinacoteca de la Universidad de Concepci\u00f3n, Don Rodrigo Piraces, para estrechar lazos con nuestro colegio y hacernos entrega de ejemplares de la primera revista de la Casa del Arte las cuales fueron recibidas por nuestro Director Sr. Vicente Cabrera O.<\/p>\n\n\n\n<p>Para ver el registro fotogr\u00e1fico de la visita, pinche en el siguiente enlace: <a href=\"https:\/\/photos.app.goo.gl\/3yyNcwYDFViCzUoW7\" data-type=\"URL\" data-id=\"https:\/\/photos.app.goo.gl\/3yyNcwYDFViCzUoW7\" target=\"_blank\" rel=\"noreferrer noopener\">Pinacoteca<\/a><\/p>\n","protected":false},"excerpt":{"rendered":"<p>En el marco de la celebraci\u00f3n de la Semana de la Educaci\u00f3n Art\u00edstica, recibimos la visita del director de la Pinacoteca de la Universidad de Concepci\u00f3n, Don Rodrigo Piraces, para estrechar lazos con nuestro colegio y hacernos entrega de ejemplares de la primera revista de la Casa del Arte las cuales fueron recibidas por nuestro [&hellip;]<\/p>\n","protected":false},"author":1,"featured_media":0,"comment_status":"closed","ping_status":"open","sticky":false,"template":"","format":"standard","meta":{"footnotes":""},"categories":[1],"tags":[],"class_list":["post-2510","post","type-post","status-publish","format-standard","hentry","category-info"],"_links":{"self":[{"href":"https:\/\/www.colegiovillanonguen.cl\/index.php\/wp-json\/wp\/v2\/posts\/2510","targetHints":{"allow":["GET"]}}],"collection":[{"href":"https:\/\/www.colegiovillanonguen.cl\/index.php\/wp-json\/wp\/v2\/posts"}],"about":[{"href":"https:\/\/www.colegiovillanonguen.cl\/index.php\/wp-json\/wp\/v2\/types\/post"}],"author":[{"embeddable":true,"href":"https:\/\/www.colegiovillanonguen.cl\/index.php\/wp-json\/wp\/v2\/users\/1"}],"replies":[{"embeddable":true,"href":"https:\/\/www.colegiovillanonguen.cl\/index.php\/wp-json\/wp\/v2\/comments?post=2510"}],"version-history":[{"count":1,"href":"https:\/\/www.colegiovillanonguen.cl\/index.php\/wp-json\/wp\/v2\/posts\/2510\/revisions"}],"predecessor-version":[{"id":2511,"href":"https:\/\/www.colegiovillanonguen.cl\/index.php\/wp-json\/wp\/v2\/posts\/2510\/revisions\/2511"}],"wp:attachment":[{"href":"https:\/\/www.colegiovillanonguen.cl\/index.php\/wp-json\/wp\/v2\/media?parent=2510"}],"wp:term":[{"taxonomy":"category","embeddable":true,"href":"https:\/\/www.colegiovillanonguen.cl\/index.php\/wp-json\/wp\/v2\/categories?post=2510"},{"taxonomy":"post_tag","embeddable":true,"href":"https:\/\/www.colegiovillanonguen.cl\/index.php\/wp-json\/wp\/v2\/tags?post=2510"}],"curies":[{"name":"wp","href":"https:\/\/api.w.org\/{rel}","templated":true}]}}