{"id":2486,"date":"2022-04-27T21:16:52","date_gmt":"2022-04-27T21:16:52","guid":{"rendered":"https:\/\/www.colegiovillanonguen.cl\/?p=2486"},"modified":"2022-04-27T21:18:57","modified_gmt":"2022-04-27T21:18:57","slug":"dia-del-carabinero","status":"publish","type":"post","link":"https:\/\/www.colegiovillanonguen.cl\/index.php\/2022\/04\/27\/dia-del-carabinero\/","title":{"rendered":"D\u00eda del Carabinero"},"content":{"rendered":"\n<p>Hoy se conmemora un aniversario m\u00e1s de la instituci\u00f3n de Carabineros de Chile y en nombre de la comunidad escolar del Colegio Villa Nongu\u00e9n, nuestro Director Sr. Vicente Cabrera O. junto a profesores y estudiantes acudieron a la Subcomisar\u00eda de nuestro sector a saludarlos y para desearles mucho \u00e9xito en sus labores profesionales como as\u00ed tambi\u00e9n en sus vidas personales.&nbsp; Como establecimiento educacional vecino destacamos la labor que realiza la Subcomisar\u00eda Nongu\u00e9n en beneficio de nuestra comunidad.<\/p>\n\n\n\n<p>Los invitamos a ver un registro fotogr\u00e1fico de la visita pinchando sobre la siguiente imagen.<\/p>\n\n\n\n<figure class=\"wp-block-image size-large\"><a href=\"https:\/\/photos.app.goo.gl\/Xsu2sSA9xyyJ7c5T9\"><img loading=\"lazy\" decoding=\"async\" width=\"1024\" height=\"461\" src=\"https:\/\/www.colegiovillanonguen.cl\/wp-content\/uploads\/2022\/04\/WhatsApp-Image-2022-04-27-at-12.59.14-1024x461.jpg\" alt=\"\" class=\"wp-image-2487\" srcset=\"https:\/\/www.colegiovillanonguen.cl\/wp-content\/uploads\/2022\/04\/WhatsApp-Image-2022-04-27-at-12.59.14-1024x461.jpg 1024w, https:\/\/www.colegiovillanonguen.cl\/wp-content\/uploads\/2022\/04\/WhatsApp-Image-2022-04-27-at-12.59.14-300x135.jpg 300w, https:\/\/www.colegiovillanonguen.cl\/wp-content\/uploads\/2022\/04\/WhatsApp-Image-2022-04-27-at-12.59.14-768x346.jpg 768w, https:\/\/www.colegiovillanonguen.cl\/wp-content\/uploads\/2022\/04\/WhatsApp-Image-2022-04-27-at-12.59.14-1536x691.jpg 1536w, https:\/\/www.colegiovillanonguen.cl\/wp-content\/uploads\/2022\/04\/WhatsApp-Image-2022-04-27-at-12.59.14.jpg 1600w\" sizes=\"auto, (max-width: 1024px) 100vw, 1024px\" \/><\/a><\/figure>\n\n\n\n<p>&nbsp;&nbsp;&nbsp;&nbsp;&nbsp;&nbsp;&nbsp;&nbsp;&nbsp;&nbsp;&nbsp;&nbsp;&nbsp;&nbsp;&nbsp;&nbsp;&nbsp;&nbsp;&nbsp;&nbsp;&nbsp;&nbsp;&nbsp;&nbsp;&nbsp;&nbsp;&nbsp;&nbsp;&nbsp;&nbsp; &nbsp;&nbsp;&nbsp;&nbsp;&nbsp;&nbsp;&nbsp;&nbsp;&nbsp;&nbsp;&nbsp;&nbsp;&nbsp;&nbsp;&nbsp;&nbsp;&nbsp;&nbsp;&nbsp;&nbsp;&nbsp;&nbsp;&nbsp;&nbsp;&nbsp;&nbsp;&nbsp;&nbsp;&nbsp;&nbsp;&nbsp;&nbsp;&nbsp;&nbsp;&nbsp;&nbsp;&nbsp;&nbsp;&nbsp;&nbsp;&nbsp;&nbsp;&nbsp;&nbsp;<\/p>\n","protected":false},"excerpt":{"rendered":"<p>Hoy se conmemora un aniversario m\u00e1s de la instituci\u00f3n de Carabineros de Chile y en nombre de la comunidad escolar del Colegio Villa Nongu\u00e9n, nuestro Director Sr. Vicente Cabrera O. junto a profesores y estudiantes acudieron a la Subcomisar\u00eda de nuestro sector a saludarlos y para desearles mucho \u00e9xito en sus labores profesionales como as\u00ed [&hellip;]<\/p>\n","protected":false},"author":1,"featured_media":0,"comment_status":"closed","ping_status":"open","sticky":false,"template":"","format":"standard","meta":{"footnotes":""},"categories":[1],"tags":[],"class_list":["post-2486","post","type-post","status-publish","format-standard","hentry","category-info"],"_links":{"self":[{"href":"https:\/\/www.colegiovillanonguen.cl\/index.php\/wp-json\/wp\/v2\/posts\/2486","targetHints":{"allow":["GET"]}}],"collection":[{"href":"https:\/\/www.colegiovillanonguen.cl\/index.php\/wp-json\/wp\/v2\/posts"}],"about":[{"href":"https:\/\/www.colegiovillanonguen.cl\/index.php\/wp-json\/wp\/v2\/types\/post"}],"author":[{"embeddable":true,"href":"https:\/\/www.colegiovillanonguen.cl\/index.php\/wp-json\/wp\/v2\/users\/1"}],"replies":[{"embeddable":true,"href":"https:\/\/www.colegiovillanonguen.cl\/index.php\/wp-json\/wp\/v2\/comments?post=2486"}],"version-history":[{"count":3,"href":"https:\/\/www.colegiovillanonguen.cl\/index.php\/wp-json\/wp\/v2\/posts\/2486\/revisions"}],"predecessor-version":[{"id":2490,"href":"https:\/\/www.colegiovillanonguen.cl\/index.php\/wp-json\/wp\/v2\/posts\/2486\/revisions\/2490"}],"wp:attachment":[{"href":"https:\/\/www.colegiovillanonguen.cl\/index.php\/wp-json\/wp\/v2\/media?parent=2486"}],"wp:term":[{"taxonomy":"category","embeddable":true,"href":"https:\/\/www.colegiovillanonguen.cl\/index.php\/wp-json\/wp\/v2\/categories?post=2486"},{"taxonomy":"post_tag","embeddable":true,"href":"https:\/\/www.colegiovillanonguen.cl\/index.php\/wp-json\/wp\/v2\/tags?post=2486"}],"curies":[{"name":"wp","href":"https:\/\/api.w.org\/{rel}","templated":true}]}}