{"id":2378,"date":"2021-11-23T17:17:01","date_gmt":"2021-11-23T17:17:01","guid":{"rendered":"https:\/\/www.colegiovillanonguen.cl\/?p=2378"},"modified":"2021-11-23T19:21:49","modified_gmt":"2021-11-23T19:21:49","slug":"despedida-al-cuarto-medio","status":"publish","type":"post","link":"https:\/\/www.colegiovillanonguen.cl\/index.php\/2021\/11\/23\/despedida-al-cuarto-medio\/","title":{"rendered":"Despedida al Cuarto Medio"},"content":{"rendered":"\n<p>Estimada Comunidad,&nbsp;<\/p>\n\n\n\n<p>Junto con saludar, compartimos con ustedes una serie de fotograf\u00edas y videos de la despedida que la comunidad del Colegio Villa Nongu\u00e9n le dio a sus estudiantes de Cuarto a\u00f1o Medio, primera generaci\u00f3n en egresar de Ense\u00f1anza&nbsp;Media.<\/p>\n\n\n\n<p>La emotiva jornada comenz\u00f3 con una serie de actividades desarrolladas por el equipo de Convivencia Escolar en conjunto con el Profesor Jefe, Sr. Juan Carlos Saavedra, y concluy\u00f3 con el paso de nuestros egresados por un pasillo formado por estudiantes y funcionarios de establecimientos, donde al t\u00e9rmino del recorrido recibieron un recuerdo de los estudiantes m\u00e1s peque\u00f1os del Colegio junto con la despedida de nuestro Director, Sr. Vicente Cabrera. Finalmente, en un gesto de cierre de su educaci\u00f3n formal los apoderados del curso vinieron a \u00abretirar\u00bb a sus pupilos, tal cual como lo hicieron hace 14 a\u00f1os atr\u00e1s cuando, la mayor\u00eda de estos, inici\u00f3 su etapa escolar.&nbsp;<\/p>\n\n\n\n<p>Para ver el registro en im\u00e1genes de ese d\u00eda, pinche la siguiente fotograf\u00eda:<\/p>\n\n\n\n<div style=\"text-align:center;\"><figure class=\"wp-block-image size-large\"><a href=\"https:\/\/photos.app.goo.gl\/uTYR1Pu5hBsxqP8w7\" target=\"_blank\" rel=\"noopener\"><img loading=\"lazy\" decoding=\"async\" width=\"1024\" height=\"461\" src=\"https:\/\/www.colegiovillanonguen.cl\/wp-content\/uploads\/2021\/11\/20211119_101501-1024x461.jpg\" alt=\"\" class=\"wp-image-2379\" srcset=\"https:\/\/www.colegiovillanonguen.cl\/wp-content\/uploads\/2021\/11\/20211119_101501-1024x461.jpg 1024w, https:\/\/www.colegiovillanonguen.cl\/wp-content\/uploads\/2021\/11\/20211119_101501-300x135.jpg 300w, https:\/\/www.colegiovillanonguen.cl\/wp-content\/uploads\/2021\/11\/20211119_101501-768x346.jpg 768w, https:\/\/www.colegiovillanonguen.cl\/wp-content\/uploads\/2021\/11\/20211119_101501-1536x691.jpg 1536w, https:\/\/www.colegiovillanonguen.cl\/wp-content\/uploads\/2021\/11\/20211119_101501-2048x922.jpg 2048w\" sizes=\"auto, (max-width: 1024px) 100vw, 1024px\" \/><\/a><\/figure><\/div>\n","protected":false},"excerpt":{"rendered":"<p>Estimada Comunidad,&nbsp; Junto con saludar, compartimos con ustedes una serie de fotograf\u00edas y videos de la despedida que la comunidad del Colegio Villa Nongu\u00e9n le dio a sus estudiantes de Cuarto a\u00f1o Medio, primera generaci\u00f3n en egresar de Ense\u00f1anza&nbsp;Media. La emotiva jornada comenz\u00f3 con una serie de actividades desarrolladas por el equipo de Convivencia Escolar [&hellip;]<\/p>\n","protected":false},"author":1,"featured_media":0,"comment_status":"closed","ping_status":"open","sticky":false,"template":"","format":"standard","meta":{"footnotes":""},"categories":[1],"tags":[],"class_list":["post-2378","post","type-post","status-publish","format-standard","hentry","category-info"],"_links":{"self":[{"href":"https:\/\/www.colegiovillanonguen.cl\/index.php\/wp-json\/wp\/v2\/posts\/2378","targetHints":{"allow":["GET"]}}],"collection":[{"href":"https:\/\/www.colegiovillanonguen.cl\/index.php\/wp-json\/wp\/v2\/posts"}],"about":[{"href":"https:\/\/www.colegiovillanonguen.cl\/index.php\/wp-json\/wp\/v2\/types\/post"}],"author":[{"embeddable":true,"href":"https:\/\/www.colegiovillanonguen.cl\/index.php\/wp-json\/wp\/v2\/users\/1"}],"replies":[{"embeddable":true,"href":"https:\/\/www.colegiovillanonguen.cl\/index.php\/wp-json\/wp\/v2\/comments?post=2378"}],"version-history":[{"count":5,"href":"https:\/\/www.colegiovillanonguen.cl\/index.php\/wp-json\/wp\/v2\/posts\/2378\/revisions"}],"predecessor-version":[{"id":2386,"href":"https:\/\/www.colegiovillanonguen.cl\/index.php\/wp-json\/wp\/v2\/posts\/2378\/revisions\/2386"}],"wp:attachment":[{"href":"https:\/\/www.colegiovillanonguen.cl\/index.php\/wp-json\/wp\/v2\/media?parent=2378"}],"wp:term":[{"taxonomy":"category","embeddable":true,"href":"https:\/\/www.colegiovillanonguen.cl\/index.php\/wp-json\/wp\/v2\/categories?post=2378"},{"taxonomy":"post_tag","embeddable":true,"href":"https:\/\/www.colegiovillanonguen.cl\/index.php\/wp-json\/wp\/v2\/tags?post=2378"}],"curies":[{"name":"wp","href":"https:\/\/api.w.org\/{rel}","templated":true}]}}