{"id":2368,"date":"2021-10-27T12:58:43","date_gmt":"2021-10-27T12:58:43","guid":{"rendered":"https:\/\/www.colegiovillanonguen.cl\/?p=2368"},"modified":"2021-10-27T12:58:45","modified_gmt":"2021-10-27T12:58:45","slug":"dia-de-la-ciencia-en-cvn","status":"publish","type":"post","link":"https:\/\/www.colegiovillanonguen.cl\/index.php\/2021\/10\/27\/dia-de-la-ciencia-en-cvn\/","title":{"rendered":"D\u00eda de la Ciencia en CVN"},"content":{"rendered":"\n<p>Estimada comunidad educativa. Queremos contarles que, como establecimiento educacional, la semana reci\u00e9n pasada conmemoramos el mes de la innovaci\u00f3n, la ciencia, el conocimiento y la tecnolog\u00eda, la cual se celebra de manera especial el primer domingo del mes de octubre.<\/p>\n\n\n\n<p>Durante la jornada, los y las estudiantes de primer ciclo desarrollaron actividades en torno al cuidado del medio ambiente y la conciencia ambiental, reconociendo la importancia del reciclaje y de nuestra huella de carbono, mientras que el segundo ciclo y ense\u00f1anza media, tuvo la oportunidad de presenciar la charla\u00a0<strong>\u201cZero Waste\u201d o \u201cCero basura\u201d de la fundaci\u00f3n El \u00c1rbol<\/strong>, cuya sede se encuentra en Concepci\u00f3n, y su prop\u00f3sito \u00a0es ser una organizaci\u00f3n local con impacto global, en la b\u00fasqueda de soluciones regenerativas para nuestra sociedad ante el cambio clim\u00e1tico.<\/p>\n\n\n\n<p>Posteriormente participaron de la charla y visita guiada a la\u00a0<strong>Unidad de desarrollo Tecnol\u00f3gico de la Universidad de Concepci\u00f3n<\/strong>, <strong>UDT<\/strong>, \u00a0instituci\u00f3n abocada a la ciencia, tecnolog\u00eda e innovaci\u00f3n, donde tuvieron la oportunidad\u00a0de conocer sus instalaciones y los procesos que ah\u00ed se realizan.\u00a0<\/p>\n\n\n\n<p>Compartimos im\u00e1genes de la actividad en el siguiente enlace: <a href=\"https:\/\/photos.app.goo.gl\/4QArg9BVXhjH9aaGA\" target=\"_blank\" rel=\"noreferrer noopener\">D\u00eda de la Ciencia<\/a> <\/p>\n","protected":false},"excerpt":{"rendered":"<p>Estimada comunidad educativa. Queremos contarles que, como establecimiento educacional, la semana reci\u00e9n pasada conmemoramos el mes de la innovaci\u00f3n, la ciencia, el conocimiento y la tecnolog\u00eda, la cual se celebra de manera especial el primer domingo del mes de octubre. Durante la jornada, los y las estudiantes de primer ciclo desarrollaron actividades en torno al [&hellip;]<\/p>\n","protected":false},"author":1,"featured_media":0,"comment_status":"closed","ping_status":"open","sticky":false,"template":"","format":"standard","meta":{"footnotes":""},"categories":[1],"tags":[],"class_list":["post-2368","post","type-post","status-publish","format-standard","hentry","category-info"],"_links":{"self":[{"href":"https:\/\/www.colegiovillanonguen.cl\/index.php\/wp-json\/wp\/v2\/posts\/2368","targetHints":{"allow":["GET"]}}],"collection":[{"href":"https:\/\/www.colegiovillanonguen.cl\/index.php\/wp-json\/wp\/v2\/posts"}],"about":[{"href":"https:\/\/www.colegiovillanonguen.cl\/index.php\/wp-json\/wp\/v2\/types\/post"}],"author":[{"embeddable":true,"href":"https:\/\/www.colegiovillanonguen.cl\/index.php\/wp-json\/wp\/v2\/users\/1"}],"replies":[{"embeddable":true,"href":"https:\/\/www.colegiovillanonguen.cl\/index.php\/wp-json\/wp\/v2\/comments?post=2368"}],"version-history":[{"count":1,"href":"https:\/\/www.colegiovillanonguen.cl\/index.php\/wp-json\/wp\/v2\/posts\/2368\/revisions"}],"predecessor-version":[{"id":2369,"href":"https:\/\/www.colegiovillanonguen.cl\/index.php\/wp-json\/wp\/v2\/posts\/2368\/revisions\/2369"}],"wp:attachment":[{"href":"https:\/\/www.colegiovillanonguen.cl\/index.php\/wp-json\/wp\/v2\/media?parent=2368"}],"wp:term":[{"taxonomy":"category","embeddable":true,"href":"https:\/\/www.colegiovillanonguen.cl\/index.php\/wp-json\/wp\/v2\/categories?post=2368"},{"taxonomy":"post_tag","embeddable":true,"href":"https:\/\/www.colegiovillanonguen.cl\/index.php\/wp-json\/wp\/v2\/tags?post=2368"}],"curies":[{"name":"wp","href":"https:\/\/api.w.org\/{rel}","templated":true}]}}