{"id":2248,"date":"2021-08-11T14:43:31","date_gmt":"2021-08-11T14:43:31","guid":{"rendered":"https:\/\/www.colegiovillanonguen.cl\/?p=2248"},"modified":"2021-08-11T14:43:34","modified_gmt":"2021-08-11T14:43:34","slug":"donacion-fundacion-mar-de-chile","status":"publish","type":"post","link":"https:\/\/www.colegiovillanonguen.cl\/index.php\/2021\/08\/11\/donacion-fundacion-mar-de-chile\/","title":{"rendered":"Donaci\u00f3n Fundaci\u00f3n Mar de Chile"},"content":{"rendered":"\n<p>Estimada Comunidad,<\/p>\n\n\n\n<p>Les informamos con alegr\u00eda que el martes 10 de agosto de 2021 nuestro establecimiento recibi\u00f3 la visita del Gerente General de la Fundaci\u00f3n \u00abMar de Chile\u00bb, don Allan Youlton Bascur, acompa\u00f1ado por personal de la Armada de Chile, con ocasi\u00f3n de la donaci\u00f3n al colegio de ejemplares del libro \u00abEl \u00daltimo Grumete de la Baquedano\u00bb, obra cl\u00e1sica del autor chileno Francisco Coloane y de historietas basadas en la vida de Arturo Prat Chac\u00f3n. La donaci\u00f3n fue recibida por nuestro Director, Sr. Vicente Cabrera Ortiz, junto a la Jefa UTP y Profesores de Historia del establecimiento, quien agradeci\u00f3 el aporte y destac\u00f3 los lazos fraternos que unen a ambas instituciones por m\u00e1s de diez a\u00f1os.\u00a0<\/p>\n\n\n\n<div class=\"wp-block-image\"><figure class=\"aligncenter\"><img decoding=\"async\" src=\"https:\/\/www.colegiovillanonguen.cl\/wp-content\/uploads\/2021\/08\/20210810_145418-680x330.jpg\" alt=\"\"\/><figcaption>Para ver m\u00e1s fotograf\u00edas, pinche en el siguiente enlace: <a href=\"https:\/\/photos.app.goo.gl\/rempMznXbg385JSn7\" target=\"_blank\" rel=\"noreferrer noopener\">Mar de Chile<\/a><\/figcaption><\/figure><\/div>\n\n\n\n<p><\/p>\n","protected":false},"excerpt":{"rendered":"<p>Estimada Comunidad, Les informamos con alegr\u00eda que el martes 10 de agosto de 2021 nuestro establecimiento recibi\u00f3 la visita del Gerente General de la Fundaci\u00f3n \u00abMar de Chile\u00bb, don Allan Youlton Bascur, acompa\u00f1ado por personal de la Armada de Chile, con ocasi\u00f3n de la donaci\u00f3n al colegio de ejemplares del libro \u00abEl \u00daltimo Grumete de [&hellip;]<\/p>\n","protected":false},"author":1,"featured_media":2249,"comment_status":"closed","ping_status":"open","sticky":false,"template":"","format":"standard","meta":{"footnotes":""},"categories":[1],"tags":[],"class_list":["post-2248","post","type-post","status-publish","format-standard","has-post-thumbnail","hentry","category-info"],"_links":{"self":[{"href":"https:\/\/www.colegiovillanonguen.cl\/index.php\/wp-json\/wp\/v2\/posts\/2248","targetHints":{"allow":["GET"]}}],"collection":[{"href":"https:\/\/www.colegiovillanonguen.cl\/index.php\/wp-json\/wp\/v2\/posts"}],"about":[{"href":"https:\/\/www.colegiovillanonguen.cl\/index.php\/wp-json\/wp\/v2\/types\/post"}],"author":[{"embeddable":true,"href":"https:\/\/www.colegiovillanonguen.cl\/index.php\/wp-json\/wp\/v2\/users\/1"}],"replies":[{"embeddable":true,"href":"https:\/\/www.colegiovillanonguen.cl\/index.php\/wp-json\/wp\/v2\/comments?post=2248"}],"version-history":[{"count":1,"href":"https:\/\/www.colegiovillanonguen.cl\/index.php\/wp-json\/wp\/v2\/posts\/2248\/revisions"}],"predecessor-version":[{"id":2250,"href":"https:\/\/www.colegiovillanonguen.cl\/index.php\/wp-json\/wp\/v2\/posts\/2248\/revisions\/2250"}],"wp:featuredmedia":[{"embeddable":true,"href":"https:\/\/www.colegiovillanonguen.cl\/index.php\/wp-json\/wp\/v2\/media\/2249"}],"wp:attachment":[{"href":"https:\/\/www.colegiovillanonguen.cl\/index.php\/wp-json\/wp\/v2\/media?parent=2248"}],"wp:term":[{"taxonomy":"category","embeddable":true,"href":"https:\/\/www.colegiovillanonguen.cl\/index.php\/wp-json\/wp\/v2\/categories?post=2248"},{"taxonomy":"post_tag","embeddable":true,"href":"https:\/\/www.colegiovillanonguen.cl\/index.php\/wp-json\/wp\/v2\/tags?post=2248"}],"curies":[{"name":"wp","href":"https:\/\/api.w.org\/{rel}","templated":true}]}}