{"id":1718,"date":"2020-09-10T12:17:39","date_gmt":"2020-09-10T12:17:39","guid":{"rendered":"http:\/\/www.colegiovillanonguen.cl\/?p=1718"},"modified":"2020-09-10T12:17:39","modified_gmt":"2020-09-10T12:17:39","slug":"i-encuentro-latinoamericano-de-estudiantes","status":"publish","type":"post","link":"https:\/\/www.colegiovillanonguen.cl\/index.php\/2020\/09\/10\/i-encuentro-latinoamericano-de-estudiantes\/","title":{"rendered":"I Encuentro Latinoamericano de Estudiantes"},"content":{"rendered":"<p>Estimada Comunidad: junto con saludar, informamos que los\u00a0d\u00edas 1 y 2 de octubre, se realizar\u00e1 el Primer Encuentro Latinoamericano de Estudiantes, donde j\u00f3venes de 7 pa\u00edses debatir\u00e1n temas de actualidad como:<\/p>\n<ul>\n<li style=\"font-weight: 400;\">La violencia de G\u00e9nero<\/li>\n<li style=\"font-weight: 400;\">Ciudades sostenibles (inclusivas y resilientes)<\/li>\n<li style=\"font-weight: 400;\">La desigualdad social y econ\u00f3mica<\/li>\n<li style=\"font-weight: 400;\">Incremento de la delincuencia y seguridad en las ciudades Latinoamericanas<\/li>\n<li style=\"font-weight: 400;\">La salud y el bienestar en los pa\u00edses Latinoamericanos<\/li>\n<li style=\"font-weight: 400;\">Problem\u00e1tica de las redes sociales en los adolescentes<\/li>\n<li style=\"font-weight: 400;\">Temas transversales: La pandemia y la aplicaci\u00f3n de pol\u00edticas sociales en Latinoam\u00e9rica.<\/li>\n<\/ul>\n<p style=\"font-weight: 400;\">En esta instancia participar\u00e1n estudiantes de 14 a 17 a\u00f1os, de los siguientes pa\u00edses: Per\u00fa-Colombia-M\u00e9xico- Argentina-Ecuador- El Salvador- Chile.<\/p>\n<p style=\"font-weight: 400;\"><strong>Chile estar\u00e1 representado por estudiantes del Colegio Villa Nongu\u00e9n, liderados por nuestro encargado de Biblioteca Escolar CRA, Prof. Cristian C\u00e1rdenas Quidel, y apoyados por la Coordinaci\u00f3n CRA y de Lenguaje de nuestra instituci\u00f3n.<\/strong><\/p>\n<p style=\"font-weight: 400;\">El objetivo es fortalecer el proceso de socializaci\u00f3n e intercambio y desarrollo de cada individuo, conociendo y respetando la cultura de cada pa\u00eds. No es una competencia, es un intercambio de la problem\u00e1tica que existe en el lugar de origen de los participantes.<\/p>\n<p style=\"font-weight: 400;\">Dicho encuentro se transmitir\u00e1 en vivo por FACEBOOK (p\u00e1gina del Colectivo \u201cMaestros del Mundo\u201d\u00a0<a href=\"https:\/\/web.facebook.com\/maestros.mundo\" data-saferedirecturl=\"https:\/\/www.google.com\/url?q=https:\/\/web.facebook.com\/maestros.mundo&amp;source=gmail&amp;ust=1599826178642000&amp;usg=AFQjCNF_LnrrOR1m87laNvEfpocIousiqQ\">https:\/\/web.facebook.com\/maestros.mundo<\/a>\u00a0) y tendr\u00e1 apertura a las\u00a014:00 hrs. (Per\u00fa- Colombia- M\u00e9xico-Ecuador) 15:00 hrs. (El Salvador \u2013Chile) y 16:00 hrs. (Argentina).<\/p>\n<p style=\"font-weight: 400;\">Cada pa\u00eds ser\u00e1 representado por 7 j\u00f3venes, que ser\u00e1n acompa\u00f1ados por profesionales de la educaci\u00f3n de cada pa\u00eds, y expondr\u00e1n en 7 mesas, una por tema. Cada participante tendr\u00e1 un tiempo de exposici\u00f3n y desarrollo del tema correspondiente a cada uno.<\/p>\n<p style=\"font-weight: 400;\">El encuentro tendr\u00e1 un tiempo de clausura donde cada participante, tanto estudiantes como educadores e instituciones recibir\u00e1n una certificaci\u00f3n del \u201cMinisterio de Educaci\u00f3n de Colombia\u201d en agradecimiento por la participaci\u00f3n.<\/p>\n<p style=\"font-weight: 400;\">\u00a0<strong>Respecto a los organizadores<\/strong><\/p>\n<p><span style=\"font-weight: 400;\">Maestros del Mundo: es una organizaci\u00f3n de maestros sin fines de lucro que buscan formar una red de maestros y escuelas que quieren impulsar un cambio educativo, a trav\u00e9s de la colaboraci\u00f3n y el apoyo entre agentes educativos de distintos pa\u00edses. Fomentamos el contacto entre las escuelas, colegios o centros educativos de distintos pa\u00edses, en aras de lograr un aprendizaje colaborativo entre los distintos estudiantes de Latinoam\u00e9rica.<\/span><\/p>\n<p>Para mayor informaci\u00f3n acceda al siguiente enlace:<a href=\"https:\/\/drive.google.com\/drive\/folders\/1e-yp5LGU_rJGf3r4MpPLPmv9WC6Zv562?usp=sharing\" target=\"_blank\"> I encuentro de estudiantes<\/a><\/p>\n","protected":false},"excerpt":{"rendered":"<p>Estimada Comunidad: junto con saludar, informamos que los\u00a0d\u00edas 1 y 2 de octubre, se realizar\u00e1 el Primer Encuentro Latinoamericano de Estudiantes, donde j\u00f3venes de 7 pa\u00edses debatir\u00e1n temas de actualidad como: La violencia de G\u00e9nero Ciudades sostenibles (inclusivas y resilientes) La desigualdad social y econ\u00f3mica Incremento de la delincuencia y seguridad en las ciudades Latinoamericanas [&hellip;]<\/p>\n","protected":false},"author":1,"featured_media":0,"comment_status":"closed","ping_status":"open","sticky":false,"template":"","format":"standard","meta":{"footnotes":""},"categories":[1],"tags":[],"class_list":["post-1718","post","type-post","status-publish","format-standard","hentry","category-info"],"_links":{"self":[{"href":"https:\/\/www.colegiovillanonguen.cl\/index.php\/wp-json\/wp\/v2\/posts\/1718","targetHints":{"allow":["GET"]}}],"collection":[{"href":"https:\/\/www.colegiovillanonguen.cl\/index.php\/wp-json\/wp\/v2\/posts"}],"about":[{"href":"https:\/\/www.colegiovillanonguen.cl\/index.php\/wp-json\/wp\/v2\/types\/post"}],"author":[{"embeddable":true,"href":"https:\/\/www.colegiovillanonguen.cl\/index.php\/wp-json\/wp\/v2\/users\/1"}],"replies":[{"embeddable":true,"href":"https:\/\/www.colegiovillanonguen.cl\/index.php\/wp-json\/wp\/v2\/comments?post=1718"}],"version-history":[{"count":1,"href":"https:\/\/www.colegiovillanonguen.cl\/index.php\/wp-json\/wp\/v2\/posts\/1718\/revisions"}],"predecessor-version":[{"id":1720,"href":"https:\/\/www.colegiovillanonguen.cl\/index.php\/wp-json\/wp\/v2\/posts\/1718\/revisions\/1720"}],"wp:attachment":[{"href":"https:\/\/www.colegiovillanonguen.cl\/index.php\/wp-json\/wp\/v2\/media?parent=1718"}],"wp:term":[{"taxonomy":"category","embeddable":true,"href":"https:\/\/www.colegiovillanonguen.cl\/index.php\/wp-json\/wp\/v2\/categories?post=1718"},{"taxonomy":"post_tag","embeddable":true,"href":"https:\/\/www.colegiovillanonguen.cl\/index.php\/wp-json\/wp\/v2\/tags?post=1718"}],"curies":[{"name":"wp","href":"https:\/\/api.w.org\/{rel}","templated":true}]}}