{"id":1517,"date":"2019-11-20T16:58:27","date_gmt":"2019-11-20T16:58:27","guid":{"rendered":"http:\/\/www.colegiovillanonguen.cl\/?p=1517"},"modified":"2019-11-20T16:59:00","modified_gmt":"2019-11-20T16:59:00","slug":"circular-n13-suspension-clases-jueves-21-de-noviembre","status":"publish","type":"post","link":"https:\/\/www.colegiovillanonguen.cl\/index.php\/2019\/11\/20\/circular-n13-suspension-clases-jueves-21-de-noviembre\/","title":{"rendered":"Circular n\u00b013 Suspensi\u00f3n clases Jueves 21 de Noviembre"},"content":{"rendered":"<p><a href=\"http:\/\/tester.colegiovillanonguen.cl\/wp-content\/uploads\/2015\/06\/favicon.png\"><img loading=\"lazy\" decoding=\"async\" class=\"  wp-image-142 alignleft\" src=\"http:\/\/tester.colegiovillanonguen.cl\/wp-content\/uploads\/2015\/06\/favicon.png\" alt=\"favicon\" width=\"44\" height=\"44\" \/><\/a>\u00a0Estimada comunidad,debido a la contingencia por la que atraviesa el pa\u00eds y, especialmente, al llamado a \u201cParo nacional\u201d convocado para ma\u00f1ana <strong>JUEVES 21 DE NOVIEMBRE DE 2019<\/strong>, nos vemos en la obligaci\u00f3n de suspender todas nuestras actividades lectivas del Colegio Villa Nongu\u00e9n, a fin de cautelar y garantizar la seguridad de nuestros estudiantes.<\/p>\n<p>Asimismo, les comunico que las actividades se reanudar\u00e1n normalmente el Viernes 22\u00a0de Noviembre en horario de 08:00 a 13:30 horas.<\/p>\n<p>Para acceder, pinche el siguiente enlace:\u00a0<a href=\"https:\/\/drive.google.com\/open?id=1AfzSl8AgHyNzfoWMXRl4aR8Tc91FaQ_0\" target=\"_blank\">Circular 13<\/a><\/p>\n","protected":false},"excerpt":{"rendered":"<p>\u00a0Estimada comunidad,debido a la contingencia por la que atraviesa el pa\u00eds y, especialmente, al llamado a \u201cParo nacional\u201d convocado para ma\u00f1ana JUEVES 21 DE NOVIEMBRE DE 2019, nos vemos en la obligaci\u00f3n de suspender todas nuestras actividades lectivas del Colegio Villa Nongu\u00e9n, a fin de cautelar y garantizar la seguridad de nuestros estudiantes. Asimismo, les [&hellip;]<\/p>\n","protected":false},"author":1,"featured_media":0,"comment_status":"closed","ping_status":"open","sticky":false,"template":"","format":"standard","meta":{"footnotes":""},"categories":[1],"tags":[],"class_list":["post-1517","post","type-post","status-publish","format-standard","hentry","category-info"],"_links":{"self":[{"href":"https:\/\/www.colegiovillanonguen.cl\/index.php\/wp-json\/wp\/v2\/posts\/1517","targetHints":{"allow":["GET"]}}],"collection":[{"href":"https:\/\/www.colegiovillanonguen.cl\/index.php\/wp-json\/wp\/v2\/posts"}],"about":[{"href":"https:\/\/www.colegiovillanonguen.cl\/index.php\/wp-json\/wp\/v2\/types\/post"}],"author":[{"embeddable":true,"href":"https:\/\/www.colegiovillanonguen.cl\/index.php\/wp-json\/wp\/v2\/users\/1"}],"replies":[{"embeddable":true,"href":"https:\/\/www.colegiovillanonguen.cl\/index.php\/wp-json\/wp\/v2\/comments?post=1517"}],"version-history":[{"count":5,"href":"https:\/\/www.colegiovillanonguen.cl\/index.php\/wp-json\/wp\/v2\/posts\/1517\/revisions"}],"predecessor-version":[{"id":1523,"href":"https:\/\/www.colegiovillanonguen.cl\/index.php\/wp-json\/wp\/v2\/posts\/1517\/revisions\/1523"}],"wp:attachment":[{"href":"https:\/\/www.colegiovillanonguen.cl\/index.php\/wp-json\/wp\/v2\/media?parent=1517"}],"wp:term":[{"taxonomy":"category","embeddable":true,"href":"https:\/\/www.colegiovillanonguen.cl\/index.php\/wp-json\/wp\/v2\/categories?post=1517"},{"taxonomy":"post_tag","embeddable":true,"href":"https:\/\/www.colegiovillanonguen.cl\/index.php\/wp-json\/wp\/v2\/tags?post=1517"}],"curies":[{"name":"wp","href":"https:\/\/api.w.org\/{rel}","templated":true}]}}