{"id":1472,"date":"2019-10-29T16:39:35","date_gmt":"2019-10-29T16:39:35","guid":{"rendered":"http:\/\/www.colegiovillanonguen.cl\/?p=1472"},"modified":"2019-10-29T16:39:35","modified_gmt":"2019-10-29T16:39:35","slug":"horario-de-clases-miercoles-30-de-octubre","status":"publish","type":"post","link":"https:\/\/www.colegiovillanonguen.cl\/index.php\/2019\/10\/29\/horario-de-clases-miercoles-30-de-octubre\/","title":{"rendered":"Horario de Clases Mi\u00e9rcoles 30 de Octubre"},"content":{"rendered":"<p><img loading=\"lazy\" decoding=\"async\" class=\"  wp-image-142 alignleft\" src=\"https:\/\/www.colegiovillanonguen.cl\/wp-content\/uploads\/2015\/06\/favicon.png\" alt=\"favicon\" width=\"46\" height=\"46\" \/>Estimada comunidad,debida a la contingencia de los sucesos que ocurren en nuestra cuidad, el horario de entrada y salida para el d\u00eda Mi\u00e9rcoles ser\u00e1n los siguientes:<\/p>\n<p>Horario Alumnos que desayunan en el colegio : 09:15<\/p>\n<p>Horario de Entrada alumnos : 09:30<\/p>\n<p>Horario de Salida : 12:30<\/p>\n<p>Asimismo, se suspender\u00e1n los talleres de reforzamiento y Acles.<\/p>\n","protected":false},"excerpt":{"rendered":"<p>Estimada comunidad,debida a la contingencia de los sucesos que ocurren en nuestra cuidad, el horario de entrada y salida para el d\u00eda Mi\u00e9rcoles ser\u00e1n los siguientes: Horario Alumnos que desayunan en el colegio : 09:15 Horario de Entrada alumnos : 09:30 Horario de Salida : 12:30 Asimismo, se suspender\u00e1n los talleres de reforzamiento y Acles.<\/p>\n","protected":false},"author":1,"featured_media":0,"comment_status":"closed","ping_status":"open","sticky":false,"template":"","format":"standard","meta":{"footnotes":""},"categories":[1],"tags":[],"class_list":["post-1472","post","type-post","status-publish","format-standard","hentry","category-info"],"_links":{"self":[{"href":"https:\/\/www.colegiovillanonguen.cl\/index.php\/wp-json\/wp\/v2\/posts\/1472","targetHints":{"allow":["GET"]}}],"collection":[{"href":"https:\/\/www.colegiovillanonguen.cl\/index.php\/wp-json\/wp\/v2\/posts"}],"about":[{"href":"https:\/\/www.colegiovillanonguen.cl\/index.php\/wp-json\/wp\/v2\/types\/post"}],"author":[{"embeddable":true,"href":"https:\/\/www.colegiovillanonguen.cl\/index.php\/wp-json\/wp\/v2\/users\/1"}],"replies":[{"embeddable":true,"href":"https:\/\/www.colegiovillanonguen.cl\/index.php\/wp-json\/wp\/v2\/comments?post=1472"}],"version-history":[{"count":2,"href":"https:\/\/www.colegiovillanonguen.cl\/index.php\/wp-json\/wp\/v2\/posts\/1472\/revisions"}],"predecessor-version":[{"id":1474,"href":"https:\/\/www.colegiovillanonguen.cl\/index.php\/wp-json\/wp\/v2\/posts\/1472\/revisions\/1474"}],"wp:attachment":[{"href":"https:\/\/www.colegiovillanonguen.cl\/index.php\/wp-json\/wp\/v2\/media?parent=1472"}],"wp:term":[{"taxonomy":"category","embeddable":true,"href":"https:\/\/www.colegiovillanonguen.cl\/index.php\/wp-json\/wp\/v2\/categories?post=1472"},{"taxonomy":"post_tag","embeddable":true,"href":"https:\/\/www.colegiovillanonguen.cl\/index.php\/wp-json\/wp\/v2\/tags?post=1472"}],"curies":[{"name":"wp","href":"https:\/\/api.w.org\/{rel}","templated":true}]}}