{"id":1462,"date":"2019-10-28T22:12:24","date_gmt":"2019-10-28T22:12:24","guid":{"rendered":"http:\/\/www.colegiovillanonguen.cl\/?p=1462"},"modified":"2019-10-28T22:14:34","modified_gmt":"2019-10-28T22:14:34","slug":"horario-de-clases-martes-29-y-miercoles-30-de-octubre","status":"publish","type":"post","link":"https:\/\/www.colegiovillanonguen.cl\/index.php\/2019\/10\/28\/horario-de-clases-martes-29-y-miercoles-30-de-octubre\/","title":{"rendered":"Horario de Clases Martes 29 y Mi\u00e9rcoles 30 de Octubre"},"content":{"rendered":"<p><img loading=\"lazy\" decoding=\"async\" class=\"  wp-image-142 alignleft\" src=\"https:\/\/www.colegiovillanonguen.cl\/wp-content\/uploads\/2015\/06\/favicon.png\" alt=\"favicon\" width=\"46\" height=\"46\" \/>Estimada comunidad,se informa a ustedes que los horarios de entrada y salida de nuestro alumnos en los pr\u00f3ximos d\u00edas ser\u00e1n los siguientes:<\/p>\n<p>Horario de Entrada : 8:30<\/p>\n<p>Horario de Salida : 13:30<\/p>\n<p>Asimismo, se suspender\u00e1n los talleres de reforzamiento y Acles.<\/p>\n<p>&nbsp;<\/p>\n","protected":false},"excerpt":{"rendered":"<p>Estimada comunidad,se informa a ustedes que los horarios de entrada y salida de nuestro alumnos en los pr\u00f3ximos d\u00edas ser\u00e1n los siguientes: Horario de Entrada : 8:30 Horario de Salida : 13:30 Asimismo, se suspender\u00e1n los talleres de reforzamiento y Acles. &nbsp;<\/p>\n","protected":false},"author":1,"featured_media":0,"comment_status":"closed","ping_status":"open","sticky":false,"template":"","format":"standard","meta":{"footnotes":""},"categories":[1],"tags":[],"class_list":["post-1462","post","type-post","status-publish","format-standard","hentry","category-info"],"_links":{"self":[{"href":"https:\/\/www.colegiovillanonguen.cl\/index.php\/wp-json\/wp\/v2\/posts\/1462","targetHints":{"allow":["GET"]}}],"collection":[{"href":"https:\/\/www.colegiovillanonguen.cl\/index.php\/wp-json\/wp\/v2\/posts"}],"about":[{"href":"https:\/\/www.colegiovillanonguen.cl\/index.php\/wp-json\/wp\/v2\/types\/post"}],"author":[{"embeddable":true,"href":"https:\/\/www.colegiovillanonguen.cl\/index.php\/wp-json\/wp\/v2\/users\/1"}],"replies":[{"embeddable":true,"href":"https:\/\/www.colegiovillanonguen.cl\/index.php\/wp-json\/wp\/v2\/comments?post=1462"}],"version-history":[{"count":6,"href":"https:\/\/www.colegiovillanonguen.cl\/index.php\/wp-json\/wp\/v2\/posts\/1462\/revisions"}],"predecessor-version":[{"id":1469,"href":"https:\/\/www.colegiovillanonguen.cl\/index.php\/wp-json\/wp\/v2\/posts\/1462\/revisions\/1469"}],"wp:attachment":[{"href":"https:\/\/www.colegiovillanonguen.cl\/index.php\/wp-json\/wp\/v2\/media?parent=1462"}],"wp:term":[{"taxonomy":"category","embeddable":true,"href":"https:\/\/www.colegiovillanonguen.cl\/index.php\/wp-json\/wp\/v2\/categories?post=1462"},{"taxonomy":"post_tag","embeddable":true,"href":"https:\/\/www.colegiovillanonguen.cl\/index.php\/wp-json\/wp\/v2\/tags?post=1462"}],"curies":[{"name":"wp","href":"https:\/\/api.w.org\/{rel}","templated":true}]}}