{"id":1446,"date":"2019-09-04T16:14:04","date_gmt":"2019-09-04T16:14:04","guid":{"rendered":"http:\/\/www.colegiovillanonguen.cl\/?p=1446"},"modified":"2019-09-04T16:14:04","modified_gmt":"2019-09-04T16:14:04","slug":"actividades-del-prekinder","status":"publish","type":"post","link":"https:\/\/www.colegiovillanonguen.cl\/index.php\/2019\/09\/04\/actividades-del-prekinder\/","title":{"rendered":"Actividades del Prek\u00ednder"},"content":{"rendered":"<p style=\"text-align: justify;\"><img loading=\"lazy\" decoding=\"async\" class=\"  wp-image-142 alignleft\" src=\"https:\/\/www.colegiovillanonguen.cl\/wp-content\/uploads\/2015\/06\/favicon.png\" alt=\"favicon\" width=\"46\" height=\"46\" \/>Estimada comunidad, compartimos con ustedes dos actividades que realizaron los estudiantes de K\u00ednder de nuestro colegio.<\/p>\n<p>1.El d\u00eda martes 3 de Septiembre se recibi\u00f3 la visita del primero b\u00e1sico del Colegio Pinares de Chiguayante al Nivel Prek\u00ednder de nuestro Colegio.<br \/>\nDurante\u00a0 esta visita los ni\u00f1os se conocieron,\u00a0 compartieron una colocaci\u00f3n saludable, leyeron libros y\u00a0 conversaron; adem\u00e1s se hizo entrega de un material did\u00e1ctico para el nivel Parvulario de nuestro Colegio como parte de las actividades de acci\u00f3n social de dicho establecimiento.<br \/>\nA continuaci\u00f3n fotograf\u00edas de ese momento:\u00a0<a href=\"https:\/\/photos.app.goo.gl\/dKijwmmtGzcUawvY6\" target=\"_blank\" data-saferedirecturl=\"https:\/\/www.google.com\/url?q=https:\/\/photos.app.goo.gl\/dKijwmmtGzcUawvY6&amp;source=gmail&amp;ust=1567699016021000&amp;usg=AFQjCNG1f58A2Zo6P2fWa-WMe71ISLyfmg\">https:\/\/photos.app.goo.gl\/<wbr \/>dKijwmmtGzcUawvY6<\/a><\/p>\n<div style=\"text-align: justify;\"><\/div>\n<div style=\"text-align: justify;\">2. En el marco de la planificaci\u00f3n los Deberes y Derechos de los ni\u00f1os y ni\u00f1as del nivel Prek\u00ednder , se realiz\u00f3 esta experiencia educativa junto a Carabineros de la Primera Comisar\u00eda de Concepci\u00f3n.<br \/>\nDurante esta experiencia los ni\u00f1os pudieron reconocer principales se\u00f1ales de tr\u00e1nsito y compartir junto a ellos experiencias respecto al tema del autocuidado y la seguridad en general.<br \/>\nNos acompa\u00f1aron durante la jornada el\u00a0suboficial mayor Robinson Garrido acompa\u00f1ado de dos cabos de la instituci\u00f3n.<\/div>\n<div style=\"text-align: justify;\">A continuaci\u00f3n fotograf\u00edas de ese momento:\u00a0<a href=\"https:\/\/photos.app.goo.gl\/wr7E9tz5cgj2rDPo9\" target=\"_blank\" data-saferedirecturl=\"https:\/\/www.google.com\/url?q=https:\/\/photos.app.goo.gl\/wr7E9tz5cgj2rDPo9&amp;source=gmail&amp;ust=1567699016021000&amp;usg=AFQjCNH4lBjsvH5agvtxF6xYTqR9ek0DOQ\">https:\/\/photos.app.goo.gl\/<wbr \/>wr7E9tz5cgj2rDPo9<\/a><\/div>\n","protected":false},"excerpt":{"rendered":"<p>Estimada comunidad, compartimos con ustedes dos actividades que realizaron los estudiantes de K\u00ednder de nuestro colegio. 1.El d\u00eda martes 3 de Septiembre se recibi\u00f3 la visita del primero b\u00e1sico del Colegio Pinares de Chiguayante al Nivel Prek\u00ednder de nuestro Colegio. Durante\u00a0 esta visita los ni\u00f1os se conocieron,\u00a0 compartieron una colocaci\u00f3n saludable, leyeron libros y\u00a0 conversaron; [&hellip;]<\/p>\n","protected":false},"author":1,"featured_media":0,"comment_status":"closed","ping_status":"open","sticky":false,"template":"","format":"standard","meta":{"footnotes":""},"categories":[1],"tags":[],"class_list":["post-1446","post","type-post","status-publish","format-standard","hentry","category-info"],"_links":{"self":[{"href":"https:\/\/www.colegiovillanonguen.cl\/index.php\/wp-json\/wp\/v2\/posts\/1446","targetHints":{"allow":["GET"]}}],"collection":[{"href":"https:\/\/www.colegiovillanonguen.cl\/index.php\/wp-json\/wp\/v2\/posts"}],"about":[{"href":"https:\/\/www.colegiovillanonguen.cl\/index.php\/wp-json\/wp\/v2\/types\/post"}],"author":[{"embeddable":true,"href":"https:\/\/www.colegiovillanonguen.cl\/index.php\/wp-json\/wp\/v2\/users\/1"}],"replies":[{"embeddable":true,"href":"https:\/\/www.colegiovillanonguen.cl\/index.php\/wp-json\/wp\/v2\/comments?post=1446"}],"version-history":[{"count":2,"href":"https:\/\/www.colegiovillanonguen.cl\/index.php\/wp-json\/wp\/v2\/posts\/1446\/revisions"}],"predecessor-version":[{"id":1448,"href":"https:\/\/www.colegiovillanonguen.cl\/index.php\/wp-json\/wp\/v2\/posts\/1446\/revisions\/1448"}],"wp:attachment":[{"href":"https:\/\/www.colegiovillanonguen.cl\/index.php\/wp-json\/wp\/v2\/media?parent=1446"}],"wp:term":[{"taxonomy":"category","embeddable":true,"href":"https:\/\/www.colegiovillanonguen.cl\/index.php\/wp-json\/wp\/v2\/categories?post=1446"},{"taxonomy":"post_tag","embeddable":true,"href":"https:\/\/www.colegiovillanonguen.cl\/index.php\/wp-json\/wp\/v2\/tags?post=1446"}],"curies":[{"name":"wp","href":"https:\/\/api.w.org\/{rel}","templated":true}]}}