{"id":1358,"date":"2018-11-26T16:59:24","date_gmt":"2018-11-26T16:59:24","guid":{"rendered":"http:\/\/www.colegiovillanonguen.cl\/?p=1358"},"modified":"2018-11-26T16:59:50","modified_gmt":"2018-11-26T16:59:50","slug":"primer-lugar-regional-taekwondo","status":"publish","type":"post","link":"https:\/\/www.colegiovillanonguen.cl\/index.php\/2018\/11\/26\/primer-lugar-regional-taekwondo\/","title":{"rendered":"Primer Lugar Regional: Taekwondo"},"content":{"rendered":"<p style=\"text-align: justify;\"><img loading=\"lazy\" decoding=\"async\" class=\"  wp-image-142 alignleft\" src=\"https:\/\/www.colegiovillanonguen.cl\/wp-content\/uploads\/2015\/06\/favicon.png\" alt=\"favicon\" width=\"43\" height=\"43\" \/>Estimada Comunidad, con orgullo les comunicamos que un grupo de estudiantes que pertenecen a la Academia de\u00a0Taekwondo Brandau Kim obtuvieron el Primer Lugar por equipo en el Campeonato Copa B\u00edo B\u00edo 2018 realizado en Los \u00c1ngeles el s\u00e1bado 24 de noviembre.<\/p>\n<p style=\"text-align: justify;\">Los Estudiantes son, Benjam\u00edn Ojeda, Sebasti\u00e1n Hidalgo, Martina Campos, Dannae Carrasco, Benjam\u00edn Aliaga, Javier Aliaga, B\u00e1rbara Lara y Ghrey Ruiz.<\/p>\n<p style=\"text-align: justify;\">Compartimos con ustedes una galer\u00eda fotogr\u00e1fica, pinche el siguiente link:\u00a0<a href=\"https:\/\/photos.app.goo.gl\/hzaHv4S3v5LGA9Pu5\" target=\"_blank\">Taekwondo<\/a><\/p>\n","protected":false},"excerpt":{"rendered":"<p>Estimada Comunidad, con orgullo les comunicamos que un grupo de estudiantes que pertenecen a la Academia de\u00a0Taekwondo Brandau Kim obtuvieron el Primer Lugar por equipo en el Campeonato Copa B\u00edo B\u00edo 2018 realizado en Los \u00c1ngeles el s\u00e1bado 24 de noviembre. Los Estudiantes son, Benjam\u00edn Ojeda, Sebasti\u00e1n Hidalgo, Martina Campos, Dannae Carrasco, Benjam\u00edn Aliaga, Javier [&hellip;]<\/p>\n","protected":false},"author":1,"featured_media":0,"comment_status":"closed","ping_status":"open","sticky":false,"template":"","format":"standard","meta":{"footnotes":""},"categories":[1],"tags":[],"class_list":["post-1358","post","type-post","status-publish","format-standard","hentry","category-info"],"_links":{"self":[{"href":"https:\/\/www.colegiovillanonguen.cl\/index.php\/wp-json\/wp\/v2\/posts\/1358","targetHints":{"allow":["GET"]}}],"collection":[{"href":"https:\/\/www.colegiovillanonguen.cl\/index.php\/wp-json\/wp\/v2\/posts"}],"about":[{"href":"https:\/\/www.colegiovillanonguen.cl\/index.php\/wp-json\/wp\/v2\/types\/post"}],"author":[{"embeddable":true,"href":"https:\/\/www.colegiovillanonguen.cl\/index.php\/wp-json\/wp\/v2\/users\/1"}],"replies":[{"embeddable":true,"href":"https:\/\/www.colegiovillanonguen.cl\/index.php\/wp-json\/wp\/v2\/comments?post=1358"}],"version-history":[{"count":2,"href":"https:\/\/www.colegiovillanonguen.cl\/index.php\/wp-json\/wp\/v2\/posts\/1358\/revisions"}],"predecessor-version":[{"id":1360,"href":"https:\/\/www.colegiovillanonguen.cl\/index.php\/wp-json\/wp\/v2\/posts\/1358\/revisions\/1360"}],"wp:attachment":[{"href":"https:\/\/www.colegiovillanonguen.cl\/index.php\/wp-json\/wp\/v2\/media?parent=1358"}],"wp:term":[{"taxonomy":"category","embeddable":true,"href":"https:\/\/www.colegiovillanonguen.cl\/index.php\/wp-json\/wp\/v2\/categories?post=1358"},{"taxonomy":"post_tag","embeddable":true,"href":"https:\/\/www.colegiovillanonguen.cl\/index.php\/wp-json\/wp\/v2\/tags?post=1358"}],"curies":[{"name":"wp","href":"https:\/\/api.w.org\/{rel}","templated":true}]}}